{"id":5936,"date":"2022-10-12T17:11:11","date_gmt":"2022-10-12T15:11:11","guid":{"rendered":"https:\/\/www.metzgerei-haemmerli.ch\/non-classifiee\/cervelat-kartoffel-salat\/"},"modified":"2025-11-20T12:22:18","modified_gmt":"2025-11-20T11:22:18","slug":"salade-de-pommes-de-terre-au-cervelas","status":"publish","type":"post","link":"https:\/\/www.metzgerei-haemmerli.ch\/fr\/recettes\/saucisse\/salade-de-pommes-de-terre-au-cervelas\/","title":{"rendered":"Salade de pommes de terre au cervelas"},"content":{"rendered":"\t\t<div data-elementor-type=\"wp-post\" data-elementor-id=\"5936\" class=\"elementor elementor-5936 elementor-4448\">\n\t\t\t\t\t\t<section class=\"elementor-section elementor-top-section elementor-element elementor-element-1d28989b elementor-section-boxed elementor-section-height-default elementor-section-height-default\" data-id=\"1d28989b\" data-element_type=\"section\" data-e-type=\"section\">\n\t\t\t\t\t\t<div class=\"elementor-container elementor-column-gap-default\">\n\t\t\t\t\t<div class=\"elementor-column elementor-col-100 elementor-top-column elementor-element elementor-element-74ea9de\" data-id=\"74ea9de\" data-element_type=\"column\" data-e-type=\"column\">\n\t\t\t<div class=\"elementor-widget-wrap elementor-element-populated\">\n\t\t\t\t\t\t<div class=\"elementor-element elementor-element-01d73ab elementor-hidden-desktop elementor-hidden-tablet elementor-widget elementor-widget-image\" data-id=\"01d73ab\" data-element_type=\"widget\" data-e-type=\"widget\" data-widget_type=\"image.default\">\n\t\t\t\t<div class=\"elementor-widget-container\">\n\t\t\t\t\t\t\t\t\t\t\t\t\t\t\t<img decoding=\"async\" width=\"250\" height=\"150\" src=\"https:\/\/www.metzgerei-haemmerli.ch\/wp-content\/uploads\/Juli_Cervelats-Kartoffelsalat_HP.jpg\" class=\"attachment-full size-full wp-image-4450\" alt=\"Cervelats-Kartoffelsalat\" \/>\t\t\t\t\t\t\t\t\t\t\t\t\t\t\t<\/div>\n\t\t\t\t<\/div>\n\t\t\t\t<section class=\"elementor-section elementor-inner-section elementor-element elementor-element-ebea3ad elementor-section-boxed elementor-section-height-default elementor-section-height-default\" data-id=\"ebea3ad\" data-element_type=\"section\" data-e-type=\"section\">\n\t\t\t\t\t\t<div class=\"elementor-container elementor-column-gap-no\">\n\t\t\t\t\t<div class=\"elementor-column elementor-col-50 elementor-inner-column elementor-element elementor-element-ab15e5f\" data-id=\"ab15e5f\" data-element_type=\"column\" data-e-type=\"column\">\n\t\t\t<div class=\"elementor-widget-wrap elementor-element-populated\">\n\t\t\t\t\t\t<div class=\"elementor-element elementor-element-128ccdbb elementor-widget elementor-widget-text-editor\" data-id=\"128ccdbb\" data-element_type=\"widget\" data-e-type=\"widget\" data-widget_type=\"text-editor.default\">\n\t\t\t\t<div class=\"elementor-widget-container\">\n\t\t\t\t\t\t\t\t\t<p>4 portions<\/p>\t\t\t\t\t\t\t\t<\/div>\n\t\t\t\t<\/div>\n\t\t\t\t<div class=\"elementor-element elementor-element-34be77c elementor-widget elementor-widget-text-editor\" data-id=\"34be77c\" data-element_type=\"widget\" data-e-type=\"widget\" data-widget_type=\"text-editor.default\">\n\t\t\t\t<div class=\"elementor-widget-container\">\n\t\t\t\t\t\t\t\t\tIngr\u00e9dients:\t\t\t\t\t\t\t\t<\/div>\n\t\t\t\t<\/div>\n\t\t\t\t<div class=\"elementor-element elementor-element-429b882 elementor-widget elementor-widget-text-editor\" data-id=\"429b882\" data-element_type=\"widget\" data-e-type=\"widget\" data-widget_type=\"text-editor.default\">\n\t\t\t\t<div class=\"elementor-widget-container\">\n\t\t\t\t\t\t\t\t\t<ul><li>1.2 kg de pommes de terre (fermes \u00e0 la cuisson)<\/li><li>Sel<\/li><li>6-8 cs de jus de citron<\/li><li>3 dl de bouillon<\/li><li>2 cc de moutarde mi-forte<\/li><li>4 cs d\u2019huile d\u2019olive<\/li><li>2 oeufs<\/li><li>2 bottes de petits radis<\/li><li>4 oignons de printemps<\/li><li>4 cervelas<\/li><li>2 poign\u00e9es de cresson<\/li><\/ul>\t\t\t\t\t\t\t\t<\/div>\n\t\t\t\t<\/div>\n\t\t\t\t\t<\/div>\n\t\t<\/div>\n\t\t\t\t<div class=\"elementor-column elementor-col-50 elementor-inner-column elementor-element elementor-element-bab3917\" data-id=\"bab3917\" data-element_type=\"column\" data-e-type=\"column\">\n\t\t\t<div class=\"elementor-widget-wrap elementor-element-populated\">\n\t\t\t\t\t\t<div class=\"elementor-element elementor-element-699237f elementor-hidden-mobile elementor-widget elementor-widget-image\" data-id=\"699237f\" data-element_type=\"widget\" data-e-type=\"widget\" data-widget_type=\"image.default\">\n\t\t\t\t<div class=\"elementor-widget-container\">\n\t\t\t\t\t\t\t\t\t\t\t\t\t\t\t<img decoding=\"async\" width=\"250\" height=\"150\" src=\"https:\/\/www.metzgerei-haemmerli.ch\/wp-content\/uploads\/Juli_Cervelats-Kartoffelsalat_HP.jpg\" class=\"attachment-full size-full wp-image-4450\" alt=\"Cervelats-Kartoffelsalat\" \/>\t\t\t\t\t\t\t\t\t\t\t\t\t\t\t<\/div>\n\t\t\t\t<\/div>\n\t\t\t\t\t<\/div>\n\t\t<\/div>\n\t\t\t\t\t<\/div>\n\t\t<\/section>\n\t\t\t\t<div class=\"elementor-element elementor-element-3623252 elementor-widget elementor-widget-spacer\" data-id=\"3623252\" data-element_type=\"widget\" data-e-type=\"widget\" data-widget_type=\"spacer.default\">\n\t\t\t\t<div class=\"elementor-widget-container\">\n\t\t\t\t\t\t\t<div class=\"elementor-spacer\">\n\t\t\t<div class=\"elementor-spacer-inner\"><\/div>\n\t\t<\/div>\n\t\t\t\t\t\t<\/div>\n\t\t\t\t<\/div>\n\t\t\t\t<div class=\"elementor-element elementor-element-80e0c39 elementor-widget elementor-widget-text-editor\" data-id=\"80e0c39\" data-element_type=\"widget\" data-e-type=\"widget\" data-widget_type=\"text-editor.default\">\n\t\t\t\t<div class=\"elementor-widget-container\">\n\t\t\t\t\t\t\t\t\tPr\u00e9paration:\t\t\t\t\t\t\t\t<\/div>\n\t\t\t\t<\/div>\n\t\t\t\t<div class=\"elementor-element elementor-element-3e9d74a elementor-widget elementor-widget-text-editor\" data-id=\"3e9d74a\" data-element_type=\"widget\" data-e-type=\"widget\" data-widget_type=\"text-editor.default\">\n\t\t\t\t<div class=\"elementor-widget-container\">\n\t\t\t\t\t\t\t\t\t<ol>\n \t<li>Laver les pommes de terre et les faire cuire dans l\u2019eau sal\u00e9e pendant env. 30 minutes. Egoutter, laisser refroidir et les peler encore chaudes. Les couper ensuite en fines rondelles. M\u00e9langer le jus de citron, le sel, le bouillon, la moutarde et l\u2019huile d\u2019olive, et verser sur les pommes de terre.<\/li>\n \t<li>Faire cuire l\u2019oeuf 10 minutes, le peler et le hacher finement. Parer les radis et les oignons de printemps puis les couper finement avec le cervelas. Incorporer le tout aux pommes de terre en rondelles, m\u00e9langer et laisser reposer 30 minutes.<\/li>\n \t<li>Ajouter le cresson, m\u00e9langer et servir aussit\u00f4t.<\/li>\n<\/ol>\t\t\t\t\t\t\t\t<\/div>\n\t\t\t\t<\/div>\n\t\t\t\t<div class=\"elementor-element elementor-element-372b048 elementor-widget-divider--view-line elementor-widget elementor-widget-divider\" data-id=\"372b048\" data-element_type=\"widget\" data-e-type=\"widget\" data-widget_type=\"divider.default\">\n\t\t\t\t<div class=\"elementor-widget-container\">\n\t\t\t\t\t\t\t<div class=\"elementor-divider\">\n\t\t\t<span class=\"elementor-divider-separator\">\n\t\t\t\t\t\t<\/span>\n\t\t<\/div>\n\t\t\t\t\t\t<\/div>\n\t\t\t\t<\/div>\n\t\t\t\t<div class=\"elementor-element elementor-element-282c3ac elementor-widget elementor-widget-text-editor\" data-id=\"282c3ac\" data-element_type=\"widget\" data-e-type=\"widget\" data-widget_type=\"text-editor.default\">\n\t\t\t\t<div class=\"elementor-widget-container\">\n\t\t\t\t\t\t\t\t\tValeurs nutritives:\t\t\t\t\t\t\t\t<\/div>\n\t\t\t\t<\/div>\n\t\t\t\t<div class=\"elementor-element elementor-element-83e70f3 elementor-widget elementor-widget-text-editor\" data-id=\"83e70f3\" data-element_type=\"widget\" data-e-type=\"widget\" data-widget_type=\"text-editor.default\">\n\t\t\t\t<div class=\"elementor-widget-container\">\n\t\t\t\t\t\t\t\t\t<p>Une portion contient:<\/p><ul><li>590 kcal<\/li><li>23 g Prot\u00e9ines<\/li><li>42 g Glucides<\/li><li>35 g Lipides<\/li><\/ul>\t\t\t\t\t\t\t\t<\/div>\n\t\t\t\t<\/div>\n\t\t\t\t<div class=\"elementor-element elementor-element-be34385 elementor-widget-divider--view-line elementor-widget elementor-widget-divider\" data-id=\"be34385\" data-element_type=\"widget\" data-e-type=\"widget\" data-widget_type=\"divider.default\">\n\t\t\t\t<div class=\"elementor-widget-container\">\n\t\t\t\t\t\t\t<div class=\"elementor-divider\">\n\t\t\t<span class=\"elementor-divider-separator\">\n\t\t\t\t\t\t<\/span>\n\t\t<\/div>\n\t\t\t\t\t\t<\/div>\n\t\t\t\t<\/div>\n\t\t\t\t<div class=\"elementor-element elementor-element-887b5bd elementor-widget elementor-widget-text-editor\" data-id=\"887b5bd\" data-element_type=\"widget\" data-e-type=\"widget\" data-widget_type=\"text-editor.default\">\n\t\t\t\t<div class=\"elementor-widget-container\">\n\t\t\t\t\t\t\t\t\t<p><i>Source:\u00a0<\/i><a href=\"https:\/\/www.schweizerfleisch.ch\" target=\"_blank\" rel=\"noopener\">www.schweizerfleisch.ch<\/a><\/p>\t\t\t\t\t\t\t\t<\/div>\n\t\t\t\t<\/div>\n\t\t\t\t\t<\/div>\n\t\t<\/div>\n\t\t\t\t\t<\/div>\n\t\t<\/section>\n\t\t\t\t<\/div>\n\t\t","protected":false},"excerpt":{"rendered":"<p>4 portions Ingr\u00e9dients: 1.2 kg de pommes de terre (fermes \u00e0 la cuisson) Sel 6-8 cs de jus de citron 3 dl de bouillon 2 cc de moutarde mi-forte 4 cs d\u2019huile d\u2019olive 2 oeufs 2 bottes de petits radis 4 oignons de printemps 4 cervelas 2 poign\u00e9es de cresson Pr\u00e9paration: Laver les pommes de [&hellip;]<\/p>\n","protected":false},"author":1,"featured_media":4450,"comment_status":"closed","ping_status":"closed","sticky":false,"template":"","format":"standard","meta":{"footnotes":""},"categories":[56,67],"tags":[],"class_list":["post-5936","post","type-post","status-publish","format-standard","has-post-thumbnail","hentry","category-recettes","category-saucisse"],"yoast_head":"<!-- This site is optimized with the Yoast SEO plugin v27.3 - https:\/\/yoast.com\/product\/yoast-seo-wordpress\/ -->\n<title>Salade de pommes de terre au cervelas - Metzgerei H\u00e4mmerli<\/title>\n<meta name=\"robots\" content=\"index, follow, max-snippet:-1, max-image-preview:large, max-video-preview:-1\" \/>\n<link rel=\"canonical\" href=\"https:\/\/www.metzgerei-haemmerli.ch\/fr\/recettes\/saucisse\/salade-de-pommes-de-terre-au-cervelas\/\" \/>\n<meta property=\"og:locale\" content=\"fr_FR\" \/>\n<meta property=\"og:type\" content=\"article\" \/>\n<meta property=\"og:title\" content=\"Salade de pommes de terre au cervelas - Metzgerei H\u00e4mmerli\" \/>\n<meta property=\"og:description\" content=\"4 portions Ingr\u00e9dients: 1.2 kg de pommes de terre (fermes \u00e0 la cuisson) Sel 6-8 cs de jus de citron 3 dl de bouillon 2 cc de moutarde mi-forte 4 cs d\u2019huile d\u2019olive 2 oeufs 2 bottes de petits radis 4 oignons de printemps 4 cervelas 2 poign\u00e9es de cresson Pr\u00e9paration: Laver les pommes de [&hellip;]\" \/>\n<meta property=\"og:url\" content=\"https:\/\/www.metzgerei-haemmerli.ch\/fr\/recettes\/saucisse\/salade-de-pommes-de-terre-au-cervelas\/\" \/>\n<meta property=\"og:site_name\" content=\"Metzgerei H\u00e4mmerli\" \/>\n<meta property=\"article:publisher\" content=\"https:\/\/www.facebook.com\/metzgerei.haemmerli\" \/>\n<meta property=\"article:published_time\" content=\"2022-10-12T15:11:11+00:00\" \/>\n<meta property=\"article:modified_time\" content=\"2025-11-20T11:22:18+00:00\" \/>\n<meta property=\"og:image\" content=\"https:\/\/www.metzgerei-haemmerli.ch\/wp-content\/uploads\/Juli_Cervelats-Kartoffelsalat_HP.jpg\" \/>\n\t<meta property=\"og:image:width\" content=\"250\" \/>\n\t<meta property=\"og:image:height\" content=\"150\" \/>\n\t<meta property=\"og:image:type\" content=\"image\/jpeg\" \/>\n<meta name=\"author\" content=\"Webmaster\" \/>\n<meta name=\"twitter:card\" content=\"summary_large_image\" \/>\n<meta name=\"twitter:label1\" content=\"\u00c9crit par\" \/>\n\t<meta name=\"twitter:data1\" content=\"Webmaster\" \/>\n\t<meta name=\"twitter:label2\" content=\"Dur\u00e9e de lecture estim\u00e9e\" \/>\n\t<meta name=\"twitter:data2\" content=\"2 minutes\" \/>\n<script type=\"application\/ld+json\" class=\"yoast-schema-graph\">{\"@context\":\"https:\\\/\\\/schema.org\",\"@graph\":[{\"@type\":\"Article\",\"@id\":\"https:\\\/\\\/www.metzgerei-haemmerli.ch\\\/fr\\\/recettes\\\/saucisse\\\/salade-de-pommes-de-terre-au-cervelas\\\/#article\",\"isPartOf\":{\"@id\":\"https:\\\/\\\/www.metzgerei-haemmerli.ch\\\/fr\\\/recettes\\\/saucisse\\\/salade-de-pommes-de-terre-au-cervelas\\\/\"},\"author\":{\"name\":\"Webmaster\",\"@id\":\"https:\\\/\\\/www.metzgerei-haemmerli.ch\\\/fr\\\/#\\\/schema\\\/person\\\/a76cea7eda593021f1638f01253641d4\"},\"headline\":\"Salade de pommes de terre au cervelas\",\"datePublished\":\"2022-10-12T15:11:11+00:00\",\"dateModified\":\"2025-11-20T11:22:18+00:00\",\"mainEntityOfPage\":{\"@id\":\"https:\\\/\\\/www.metzgerei-haemmerli.ch\\\/fr\\\/recettes\\\/saucisse\\\/salade-de-pommes-de-terre-au-cervelas\\\/\"},\"wordCount\":173,\"publisher\":{\"@id\":\"https:\\\/\\\/www.metzgerei-haemmerli.ch\\\/fr\\\/#organization\"},\"image\":{\"@id\":\"https:\\\/\\\/www.metzgerei-haemmerli.ch\\\/fr\\\/recettes\\\/saucisse\\\/salade-de-pommes-de-terre-au-cervelas\\\/#primaryimage\"},\"thumbnailUrl\":\"https:\\\/\\\/www.metzgerei-haemmerli.ch\\\/wp-content\\\/uploads\\\/Juli_Cervelats-Kartoffelsalat_HP.jpg\",\"articleSection\":[\"Recettes\",\"Saucisse\"],\"inLanguage\":\"fr-FR\"},{\"@type\":\"WebPage\",\"@id\":\"https:\\\/\\\/www.metzgerei-haemmerli.ch\\\/fr\\\/recettes\\\/saucisse\\\/salade-de-pommes-de-terre-au-cervelas\\\/\",\"url\":\"https:\\\/\\\/www.metzgerei-haemmerli.ch\\\/fr\\\/recettes\\\/saucisse\\\/salade-de-pommes-de-terre-au-cervelas\\\/\",\"name\":\"Salade de pommes de terre au cervelas - Metzgerei H\u00e4mmerli\",\"isPartOf\":{\"@id\":\"https:\\\/\\\/www.metzgerei-haemmerli.ch\\\/fr\\\/#website\"},\"primaryImageOfPage\":{\"@id\":\"https:\\\/\\\/www.metzgerei-haemmerli.ch\\\/fr\\\/recettes\\\/saucisse\\\/salade-de-pommes-de-terre-au-cervelas\\\/#primaryimage\"},\"image\":{\"@id\":\"https:\\\/\\\/www.metzgerei-haemmerli.ch\\\/fr\\\/recettes\\\/saucisse\\\/salade-de-pommes-de-terre-au-cervelas\\\/#primaryimage\"},\"thumbnailUrl\":\"https:\\\/\\\/www.metzgerei-haemmerli.ch\\\/wp-content\\\/uploads\\\/Juli_Cervelats-Kartoffelsalat_HP.jpg\",\"datePublished\":\"2022-10-12T15:11:11+00:00\",\"dateModified\":\"2025-11-20T11:22:18+00:00\",\"breadcrumb\":{\"@id\":\"https:\\\/\\\/www.metzgerei-haemmerli.ch\\\/fr\\\/recettes\\\/saucisse\\\/salade-de-pommes-de-terre-au-cervelas\\\/#breadcrumb\"},\"inLanguage\":\"fr-FR\",\"potentialAction\":[{\"@type\":\"ReadAction\",\"target\":[\"https:\\\/\\\/www.metzgerei-haemmerli.ch\\\/fr\\\/recettes\\\/saucisse\\\/salade-de-pommes-de-terre-au-cervelas\\\/\"]}]},{\"@type\":\"ImageObject\",\"inLanguage\":\"fr-FR\",\"@id\":\"https:\\\/\\\/www.metzgerei-haemmerli.ch\\\/fr\\\/recettes\\\/saucisse\\\/salade-de-pommes-de-terre-au-cervelas\\\/#primaryimage\",\"url\":\"https:\\\/\\\/www.metzgerei-haemmerli.ch\\\/wp-content\\\/uploads\\\/Juli_Cervelats-Kartoffelsalat_HP.jpg\",\"contentUrl\":\"https:\\\/\\\/www.metzgerei-haemmerli.ch\\\/wp-content\\\/uploads\\\/Juli_Cervelats-Kartoffelsalat_HP.jpg\",\"width\":250,\"height\":150,\"caption\":\"Cervelats-Kartoffelsalat\"},{\"@type\":\"BreadcrumbList\",\"@id\":\"https:\\\/\\\/www.metzgerei-haemmerli.ch\\\/fr\\\/recettes\\\/saucisse\\\/salade-de-pommes-de-terre-au-cervelas\\\/#breadcrumb\",\"itemListElement\":[{\"@type\":\"ListItem\",\"position\":1,\"name\":\"Home\",\"item\":\"https:\\\/\\\/www.metzgerei-haemmerli.ch\\\/fr\\\/\"},{\"@type\":\"ListItem\",\"position\":2,\"name\":\"Salade de pommes de terre au cervelas\"}]},{\"@type\":\"WebSite\",\"@id\":\"https:\\\/\\\/www.metzgerei-haemmerli.ch\\\/fr\\\/#website\",\"url\":\"https:\\\/\\\/www.metzgerei-haemmerli.ch\\\/fr\\\/\",\"name\":\"Metzgerei H\u00e4mmerli\",\"description\":\"Ihr Fachmann f\u00fcr guten Geschmack\",\"publisher\":{\"@id\":\"https:\\\/\\\/www.metzgerei-haemmerli.ch\\\/fr\\\/#organization\"},\"potentialAction\":[{\"@type\":\"SearchAction\",\"target\":{\"@type\":\"EntryPoint\",\"urlTemplate\":\"https:\\\/\\\/www.metzgerei-haemmerli.ch\\\/fr\\\/?s={search_term_string}\"},\"query-input\":{\"@type\":\"PropertyValueSpecification\",\"valueRequired\":true,\"valueName\":\"search_term_string\"}}],\"inLanguage\":\"fr-FR\"},{\"@type\":\"Organization\",\"@id\":\"https:\\\/\\\/www.metzgerei-haemmerli.ch\\\/fr\\\/#organization\",\"name\":\"Metzgerei H\u00e4mmerli\",\"url\":\"https:\\\/\\\/www.metzgerei-haemmerli.ch\\\/fr\\\/\",\"logo\":{\"@type\":\"ImageObject\",\"inLanguage\":\"fr-FR\",\"@id\":\"https:\\\/\\\/www.metzgerei-haemmerli.ch\\\/fr\\\/#\\\/schema\\\/logo\\\/image\\\/\",\"url\":\"https:\\\/\\\/www.metzgerei-haemmerli.ch\\\/wp-content\\\/uploads\\\/hammerli_logo_rosso_h200.png\",\"contentUrl\":\"https:\\\/\\\/www.metzgerei-haemmerli.ch\\\/wp-content\\\/uploads\\\/hammerli_logo_rosso_h200.png\",\"width\":919,\"height\":200,\"caption\":\"Metzgerei H\u00e4mmerli\"},\"image\":{\"@id\":\"https:\\\/\\\/www.metzgerei-haemmerli.ch\\\/fr\\\/#\\\/schema\\\/logo\\\/image\\\/\"},\"sameAs\":[\"https:\\\/\\\/www.facebook.com\\\/metzgerei.haemmerli\"]},{\"@type\":\"Person\",\"@id\":\"https:\\\/\\\/www.metzgerei-haemmerli.ch\\\/fr\\\/#\\\/schema\\\/person\\\/a76cea7eda593021f1638f01253641d4\",\"name\":\"Webmaster\",\"image\":{\"@type\":\"ImageObject\",\"inLanguage\":\"fr-FR\",\"@id\":\"https:\\\/\\\/secure.gravatar.com\\\/avatar\\\/649ec591a16dfc07124dcef7052a233ea9e65a9ac4dc337e6c49d42d5887463b?s=96&d=mm&r=g\",\"url\":\"https:\\\/\\\/secure.gravatar.com\\\/avatar\\\/649ec591a16dfc07124dcef7052a233ea9e65a9ac4dc337e6c49d42d5887463b?s=96&d=mm&r=g\",\"contentUrl\":\"https:\\\/\\\/secure.gravatar.com\\\/avatar\\\/649ec591a16dfc07124dcef7052a233ea9e65a9ac4dc337e6c49d42d5887463b?s=96&d=mm&r=g\",\"caption\":\"Webmaster\"},\"sameAs\":[\"https:\\\/\\\/www.metzgerei-haemmerli.ch\"]}]}<\/script>\n<!-- \/ Yoast SEO plugin. -->","yoast_head_json":{"title":"Salade de pommes de terre au cervelas - Metzgerei H\u00e4mmerli","robots":{"index":"index","follow":"follow","max-snippet":"max-snippet:-1","max-image-preview":"max-image-preview:large","max-video-preview":"max-video-preview:-1"},"canonical":"https:\/\/www.metzgerei-haemmerli.ch\/fr\/recettes\/saucisse\/salade-de-pommes-de-terre-au-cervelas\/","og_locale":"fr_FR","og_type":"article","og_title":"Salade de pommes de terre au cervelas - Metzgerei H\u00e4mmerli","og_description":"4 portions Ingr\u00e9dients: 1.2 kg de pommes de terre (fermes \u00e0 la cuisson) Sel 6-8 cs de jus de citron 3 dl de bouillon 2 cc de moutarde mi-forte 4 cs d\u2019huile d\u2019olive 2 oeufs 2 bottes de petits radis 4 oignons de printemps 4 cervelas 2 poign\u00e9es de cresson Pr\u00e9paration: Laver les pommes de [&hellip;]","og_url":"https:\/\/www.metzgerei-haemmerli.ch\/fr\/recettes\/saucisse\/salade-de-pommes-de-terre-au-cervelas\/","og_site_name":"Metzgerei H\u00e4mmerli","article_publisher":"https:\/\/www.facebook.com\/metzgerei.haemmerli","article_published_time":"2022-10-12T15:11:11+00:00","article_modified_time":"2025-11-20T11:22:18+00:00","og_image":[{"width":250,"height":150,"url":"https:\/\/www.metzgerei-haemmerli.ch\/wp-content\/uploads\/Juli_Cervelats-Kartoffelsalat_HP.jpg","type":"image\/jpeg"}],"author":"Webmaster","twitter_card":"summary_large_image","twitter_misc":{"\u00c9crit par":"Webmaster","Dur\u00e9e de lecture estim\u00e9e":"2 minutes"},"schema":{"@context":"https:\/\/schema.org","@graph":[{"@type":"Article","@id":"https:\/\/www.metzgerei-haemmerli.ch\/fr\/recettes\/saucisse\/salade-de-pommes-de-terre-au-cervelas\/#article","isPartOf":{"@id":"https:\/\/www.metzgerei-haemmerli.ch\/fr\/recettes\/saucisse\/salade-de-pommes-de-terre-au-cervelas\/"},"author":{"name":"Webmaster","@id":"https:\/\/www.metzgerei-haemmerli.ch\/fr\/#\/schema\/person\/a76cea7eda593021f1638f01253641d4"},"headline":"Salade de pommes de terre au cervelas","datePublished":"2022-10-12T15:11:11+00:00","dateModified":"2025-11-20T11:22:18+00:00","mainEntityOfPage":{"@id":"https:\/\/www.metzgerei-haemmerli.ch\/fr\/recettes\/saucisse\/salade-de-pommes-de-terre-au-cervelas\/"},"wordCount":173,"publisher":{"@id":"https:\/\/www.metzgerei-haemmerli.ch\/fr\/#organization"},"image":{"@id":"https:\/\/www.metzgerei-haemmerli.ch\/fr\/recettes\/saucisse\/salade-de-pommes-de-terre-au-cervelas\/#primaryimage"},"thumbnailUrl":"https:\/\/www.metzgerei-haemmerli.ch\/wp-content\/uploads\/Juli_Cervelats-Kartoffelsalat_HP.jpg","articleSection":["Recettes","Saucisse"],"inLanguage":"fr-FR"},{"@type":"WebPage","@id":"https:\/\/www.metzgerei-haemmerli.ch\/fr\/recettes\/saucisse\/salade-de-pommes-de-terre-au-cervelas\/","url":"https:\/\/www.metzgerei-haemmerli.ch\/fr\/recettes\/saucisse\/salade-de-pommes-de-terre-au-cervelas\/","name":"Salade de pommes de terre au cervelas - Metzgerei H\u00e4mmerli","isPartOf":{"@id":"https:\/\/www.metzgerei-haemmerli.ch\/fr\/#website"},"primaryImageOfPage":{"@id":"https:\/\/www.metzgerei-haemmerli.ch\/fr\/recettes\/saucisse\/salade-de-pommes-de-terre-au-cervelas\/#primaryimage"},"image":{"@id":"https:\/\/www.metzgerei-haemmerli.ch\/fr\/recettes\/saucisse\/salade-de-pommes-de-terre-au-cervelas\/#primaryimage"},"thumbnailUrl":"https:\/\/www.metzgerei-haemmerli.ch\/wp-content\/uploads\/Juli_Cervelats-Kartoffelsalat_HP.jpg","datePublished":"2022-10-12T15:11:11+00:00","dateModified":"2025-11-20T11:22:18+00:00","breadcrumb":{"@id":"https:\/\/www.metzgerei-haemmerli.ch\/fr\/recettes\/saucisse\/salade-de-pommes-de-terre-au-cervelas\/#breadcrumb"},"inLanguage":"fr-FR","potentialAction":[{"@type":"ReadAction","target":["https:\/\/www.metzgerei-haemmerli.ch\/fr\/recettes\/saucisse\/salade-de-pommes-de-terre-au-cervelas\/"]}]},{"@type":"ImageObject","inLanguage":"fr-FR","@id":"https:\/\/www.metzgerei-haemmerli.ch\/fr\/recettes\/saucisse\/salade-de-pommes-de-terre-au-cervelas\/#primaryimage","url":"https:\/\/www.metzgerei-haemmerli.ch\/wp-content\/uploads\/Juli_Cervelats-Kartoffelsalat_HP.jpg","contentUrl":"https:\/\/www.metzgerei-haemmerli.ch\/wp-content\/uploads\/Juli_Cervelats-Kartoffelsalat_HP.jpg","width":250,"height":150,"caption":"Cervelats-Kartoffelsalat"},{"@type":"BreadcrumbList","@id":"https:\/\/www.metzgerei-haemmerli.ch\/fr\/recettes\/saucisse\/salade-de-pommes-de-terre-au-cervelas\/#breadcrumb","itemListElement":[{"@type":"ListItem","position":1,"name":"Home","item":"https:\/\/www.metzgerei-haemmerli.ch\/fr\/"},{"@type":"ListItem","position":2,"name":"Salade de pommes de terre au cervelas"}]},{"@type":"WebSite","@id":"https:\/\/www.metzgerei-haemmerli.ch\/fr\/#website","url":"https:\/\/www.metzgerei-haemmerli.ch\/fr\/","name":"Metzgerei H\u00e4mmerli","description":"Ihr Fachmann f\u00fcr guten Geschmack","publisher":{"@id":"https:\/\/www.metzgerei-haemmerli.ch\/fr\/#organization"},"potentialAction":[{"@type":"SearchAction","target":{"@type":"EntryPoint","urlTemplate":"https:\/\/www.metzgerei-haemmerli.ch\/fr\/?s={search_term_string}"},"query-input":{"@type":"PropertyValueSpecification","valueRequired":true,"valueName":"search_term_string"}}],"inLanguage":"fr-FR"},{"@type":"Organization","@id":"https:\/\/www.metzgerei-haemmerli.ch\/fr\/#organization","name":"Metzgerei H\u00e4mmerli","url":"https:\/\/www.metzgerei-haemmerli.ch\/fr\/","logo":{"@type":"ImageObject","inLanguage":"fr-FR","@id":"https:\/\/www.metzgerei-haemmerli.ch\/fr\/#\/schema\/logo\/image\/","url":"https:\/\/www.metzgerei-haemmerli.ch\/wp-content\/uploads\/hammerli_logo_rosso_h200.png","contentUrl":"https:\/\/www.metzgerei-haemmerli.ch\/wp-content\/uploads\/hammerli_logo_rosso_h200.png","width":919,"height":200,"caption":"Metzgerei H\u00e4mmerli"},"image":{"@id":"https:\/\/www.metzgerei-haemmerli.ch\/fr\/#\/schema\/logo\/image\/"},"sameAs":["https:\/\/www.facebook.com\/metzgerei.haemmerli"]},{"@type":"Person","@id":"https:\/\/www.metzgerei-haemmerli.ch\/fr\/#\/schema\/person\/a76cea7eda593021f1638f01253641d4","name":"Webmaster","image":{"@type":"ImageObject","inLanguage":"fr-FR","@id":"https:\/\/secure.gravatar.com\/avatar\/649ec591a16dfc07124dcef7052a233ea9e65a9ac4dc337e6c49d42d5887463b?s=96&d=mm&r=g","url":"https:\/\/secure.gravatar.com\/avatar\/649ec591a16dfc07124dcef7052a233ea9e65a9ac4dc337e6c49d42d5887463b?s=96&d=mm&r=g","contentUrl":"https:\/\/secure.gravatar.com\/avatar\/649ec591a16dfc07124dcef7052a233ea9e65a9ac4dc337e6c49d42d5887463b?s=96&d=mm&r=g","caption":"Webmaster"},"sameAs":["https:\/\/www.metzgerei-haemmerli.ch"]}]}},"_links":{"self":[{"href":"https:\/\/www.metzgerei-haemmerli.ch\/fr\/wp-json\/wp\/v2\/posts\/5936","targetHints":{"allow":["GET"]}}],"collection":[{"href":"https:\/\/www.metzgerei-haemmerli.ch\/fr\/wp-json\/wp\/v2\/posts"}],"about":[{"href":"https:\/\/www.metzgerei-haemmerli.ch\/fr\/wp-json\/wp\/v2\/types\/post"}],"author":[{"embeddable":true,"href":"https:\/\/www.metzgerei-haemmerli.ch\/fr\/wp-json\/wp\/v2\/users\/1"}],"replies":[{"embeddable":true,"href":"https:\/\/www.metzgerei-haemmerli.ch\/fr\/wp-json\/wp\/v2\/comments?post=5936"}],"version-history":[{"count":7,"href":"https:\/\/www.metzgerei-haemmerli.ch\/fr\/wp-json\/wp\/v2\/posts\/5936\/revisions"}],"predecessor-version":[{"id":5943,"href":"https:\/\/www.metzgerei-haemmerli.ch\/fr\/wp-json\/wp\/v2\/posts\/5936\/revisions\/5943"}],"wp:featuredmedia":[{"embeddable":true,"href":"https:\/\/www.metzgerei-haemmerli.ch\/fr\/wp-json\/wp\/v2\/media\/4450"}],"wp:attachment":[{"href":"https:\/\/www.metzgerei-haemmerli.ch\/fr\/wp-json\/wp\/v2\/media?parent=5936"}],"wp:term":[{"taxonomy":"category","embeddable":true,"href":"https:\/\/www.metzgerei-haemmerli.ch\/fr\/wp-json\/wp\/v2\/categories?post=5936"},{"taxonomy":"post_tag","embeddable":true,"href":"https:\/\/www.metzgerei-haemmerli.ch\/fr\/wp-json\/wp\/v2\/tags?post=5936"}],"curies":[{"name":"wp","href":"https:\/\/api.w.org\/{rel}","templated":true}]}}