{"id":5918,"date":"2022-10-12T17:18:10","date_gmt":"2022-10-12T15:18:10","guid":{"rendered":"https:\/\/www.metzgerei-haemmerli.ch\/non-classifiee\/hirschgeschnetzeltes\/"},"modified":"2025-11-20T12:21:43","modified_gmt":"2025-11-20T11:21:43","slug":"emince-de-cerf","status":"publish","type":"post","link":"https:\/\/www.metzgerei-haemmerli.ch\/fr\/recettes\/cerf\/emince-de-cerf\/","title":{"rendered":"Eminc\u00e9 de cerf"},"content":{"rendered":"\t\t<div data-elementor-type=\"wp-post\" data-elementor-id=\"5918\" class=\"elementor elementor-5918 elementor-4464\">\n\t\t\t\t\t\t<section class=\"elementor-section elementor-top-section elementor-element elementor-element-1d28989b elementor-section-boxed elementor-section-height-default elementor-section-height-default\" data-id=\"1d28989b\" data-element_type=\"section\" data-e-type=\"section\">\n\t\t\t\t\t\t<div class=\"elementor-container elementor-column-gap-default\">\n\t\t\t\t\t<div class=\"elementor-column elementor-col-100 elementor-top-column elementor-element elementor-element-74ea9de\" data-id=\"74ea9de\" data-element_type=\"column\" data-e-type=\"column\">\n\t\t\t<div class=\"elementor-widget-wrap elementor-element-populated\">\n\t\t\t\t\t\t<div class=\"elementor-element elementor-element-01d73ab elementor-hidden-desktop elementor-hidden-tablet elementor-widget elementor-widget-image\" data-id=\"01d73ab\" data-element_type=\"widget\" data-e-type=\"widget\" data-widget_type=\"image.default\">\n\t\t\t\t<div class=\"elementor-widget-container\">\n\t\t\t\t\t\t\t\t\t\t\t\t\t\t\t<img decoding=\"async\" width=\"260\" height=\"160\" src=\"https:\/\/www.metzgerei-haemmerli.ch\/wp-content\/uploads\/Hirschgeschnetzeltes.jpg\" class=\"attachment-full size-full wp-image-4466\" alt=\"Hirschgeschnetzeltes\" \/>\t\t\t\t\t\t\t\t\t\t\t\t\t\t\t<\/div>\n\t\t\t\t<\/div>\n\t\t\t\t<section class=\"elementor-section elementor-inner-section elementor-element elementor-element-ebea3ad elementor-section-boxed elementor-section-height-default elementor-section-height-default\" data-id=\"ebea3ad\" data-element_type=\"section\" data-e-type=\"section\">\n\t\t\t\t\t\t<div class=\"elementor-container elementor-column-gap-no\">\n\t\t\t\t\t<div class=\"elementor-column elementor-col-50 elementor-inner-column elementor-element elementor-element-ab15e5f\" data-id=\"ab15e5f\" data-element_type=\"column\" data-e-type=\"column\">\n\t\t\t<div class=\"elementor-widget-wrap elementor-element-populated\">\n\t\t\t\t\t\t<div class=\"elementor-element elementor-element-128ccdbb elementor-widget elementor-widget-text-editor\" data-id=\"128ccdbb\" data-element_type=\"widget\" data-e-type=\"widget\" data-widget_type=\"text-editor.default\">\n\t\t\t\t<div class=\"elementor-widget-container\">\n\t\t\t\t\t\t\t\t\t<p>4 portions<\/p>\t\t\t\t\t\t\t\t<\/div>\n\t\t\t\t<\/div>\n\t\t\t\t<div class=\"elementor-element elementor-element-34be77c elementor-widget elementor-widget-text-editor\" data-id=\"34be77c\" data-element_type=\"widget\" data-e-type=\"widget\" data-widget_type=\"text-editor.default\">\n\t\t\t\t<div class=\"elementor-widget-container\">\n\t\t\t\t\t\t\t\t\tIngr\u00e9dients:\t\t\t\t\t\t\t\t<\/div>\n\t\t\t\t<\/div>\n\t\t\t\t<div class=\"elementor-element elementor-element-429b882 elementor-widget elementor-widget-text-editor\" data-id=\"429b882\" data-element_type=\"widget\" data-e-type=\"widget\" data-widget_type=\"text-editor.default\">\n\t\t\t\t<div class=\"elementor-widget-container\">\n\t\t\t\t\t\t\t\t\t<ul><li>700 g d\u2019\u00e9minc\u00e9 de cerf<\/li><li>1\/2 cc de sel, poivre noir<\/li><li>3 cs de beurre \u00e0 r\u00f4tir ou d\u2019huile<\/li><li>125g de m\u00fbres fra\u00eeches ou d\u00e9congel\u00e9es<\/li><li>4 c\u00e8pes moyens<\/li><li>Quelques feuilles de persil commun<\/li><\/ul><p><strong>Sauce aux m\u00fbres<\/strong><\/p><ul><li>3 cc d\u2019eau-de-vie de m\u00fbres<\/li><li>1 bocal (4 dl) de fond de champignon ou de gibier<\/li><li>1 sachet de safran en poudre<\/li><li>1 Brieflein Steinpilzpulver<\/li><li>1 Becher (180g) Saucenrahm<\/li><\/ul>\t\t\t\t\t\t\t\t<\/div>\n\t\t\t\t<\/div>\n\t\t\t\t\t<\/div>\n\t\t<\/div>\n\t\t\t\t<div class=\"elementor-column elementor-col-50 elementor-inner-column elementor-element elementor-element-bab3917\" data-id=\"bab3917\" data-element_type=\"column\" data-e-type=\"column\">\n\t\t\t<div class=\"elementor-widget-wrap elementor-element-populated\">\n\t\t\t\t\t\t<div class=\"elementor-element elementor-element-699237f elementor-hidden-mobile elementor-widget elementor-widget-image\" data-id=\"699237f\" data-element_type=\"widget\" data-e-type=\"widget\" data-widget_type=\"image.default\">\n\t\t\t\t<div class=\"elementor-widget-container\">\n\t\t\t\t\t\t\t\t\t\t\t\t\t\t\t<img decoding=\"async\" width=\"260\" height=\"160\" src=\"https:\/\/www.metzgerei-haemmerli.ch\/wp-content\/uploads\/Hirschgeschnetzeltes.jpg\" class=\"attachment-full size-full wp-image-4466\" alt=\"Hirschgeschnetzeltes\" \/>\t\t\t\t\t\t\t\t\t\t\t\t\t\t\t<\/div>\n\t\t\t\t<\/div>\n\t\t\t\t\t<\/div>\n\t\t<\/div>\n\t\t\t\t\t<\/div>\n\t\t<\/section>\n\t\t\t\t<div class=\"elementor-element elementor-element-3623252 elementor-widget elementor-widget-spacer\" data-id=\"3623252\" data-element_type=\"widget\" data-e-type=\"widget\" data-widget_type=\"spacer.default\">\n\t\t\t\t<div class=\"elementor-widget-container\">\n\t\t\t\t\t\t\t<div class=\"elementor-spacer\">\n\t\t\t<div class=\"elementor-spacer-inner\"><\/div>\n\t\t<\/div>\n\t\t\t\t\t\t<\/div>\n\t\t\t\t<\/div>\n\t\t\t\t<div class=\"elementor-element elementor-element-80e0c39 elementor-widget elementor-widget-text-editor\" data-id=\"80e0c39\" data-element_type=\"widget\" data-e-type=\"widget\" data-widget_type=\"text-editor.default\">\n\t\t\t\t<div class=\"elementor-widget-container\">\n\t\t\t\t\t\t\t\t\tPr\u00e9paration:\t\t\t\t\t\t\t\t<\/div>\n\t\t\t\t<\/div>\n\t\t\t\t<div class=\"elementor-element elementor-element-3e9d74a elementor-widget elementor-widget-text-editor\" data-id=\"3e9d74a\" data-element_type=\"widget\" data-e-type=\"widget\" data-widget_type=\"text-editor.default\">\n\t\t\t\t<div class=\"elementor-widget-container\">\n\t\t\t\t\t\t\t\t\t<ol><li>Pr\u00e9chauffer le four \u00e0 60\u00b0 C et y entreposer un plat au chaud.<\/li><li>Chauffer un peu de beurre \u00e0 r\u00f4tir dans une po\u00eale \u00e0 rev\u00eatement antiadh\u00e9sif. Saler et poivrer la viande, la r\u00f4tir par portion, la transvaser sur le plat chauff\u00e9 et la maintenir au chaud au four.<\/li><li>Escaloper les c\u00e8pes en lamelles, les faire revenir sur les deux faces dans un peu de beurre \u00e0 r\u00f4tir, saler et poivrer, puis les ajouter \u00e0 la viande r\u00e9serv\u00e9e au four.<\/li><li>D\u00e9glacer le fond de r\u00f4tissage avec l\u2019eau-de-vie de m\u00fbres et le fond de champignon ou de gibier et le r\u00e9duire \u00e0 environ 1 dl.<\/li><\/ol>\t\t\t\t\t\t\t\t<\/div>\n\t\t\t\t<\/div>\n\t\t\t\t<div class=\"elementor-element elementor-element-204549d elementor-widget elementor-widget-text-editor\" data-id=\"204549d\" data-element_type=\"widget\" data-e-type=\"widget\" data-widget_type=\"text-editor.default\">\n\t\t\t\t<div class=\"elementor-widget-container\">\n\t\t\t\t\t\t\t\t\tGarnitures:\t\t\t\t\t\t\t\t<\/div>\n\t\t\t\t<\/div>\n\t\t\t\t<div class=\"elementor-element elementor-element-f91b504 elementor-widget elementor-widget-text-editor\" data-id=\"f91b504\" data-element_type=\"widget\" data-e-type=\"widget\" data-widget_type=\"text-editor.default\">\n\t\t\t\t<div class=\"elementor-widget-container\">\n\t\t\t\t\t\t\t\t\t<p>Accompagner des sp\u00e4tzlis et d\u2019une salade verte.<\/p>\t\t\t\t\t\t\t\t<\/div>\n\t\t\t\t<\/div>\n\t\t\t\t<div class=\"elementor-element elementor-element-372b048 elementor-widget-divider--view-line elementor-widget elementor-widget-divider\" data-id=\"372b048\" data-element_type=\"widget\" data-e-type=\"widget\" data-widget_type=\"divider.default\">\n\t\t\t\t<div class=\"elementor-widget-container\">\n\t\t\t\t\t\t\t<div class=\"elementor-divider\">\n\t\t\t<span class=\"elementor-divider-separator\">\n\t\t\t\t\t\t<\/span>\n\t\t<\/div>\n\t\t\t\t\t\t<\/div>\n\t\t\t\t<\/div>\n\t\t\t\t<div class=\"elementor-element elementor-element-282c3ac elementor-widget elementor-widget-text-editor\" data-id=\"282c3ac\" data-element_type=\"widget\" data-e-type=\"widget\" data-widget_type=\"text-editor.default\">\n\t\t\t\t<div class=\"elementor-widget-container\">\n\t\t\t\t\t\t\t\t\tValeurs nutritives:\t\t\t\t\t\t\t\t<\/div>\n\t\t\t\t<\/div>\n\t\t\t\t<div class=\"elementor-element elementor-element-83e70f3 elementor-widget elementor-widget-text-editor\" data-id=\"83e70f3\" data-element_type=\"widget\" data-e-type=\"widget\" data-widget_type=\"text-editor.default\">\n\t\t\t\t<div class=\"elementor-widget-container\">\n\t\t\t\t\t\t\t\t\t<p>Une portion contient:<\/p><ul><li>360 kcal<\/li><li>32 g Prot\u00e9ines<\/li><li>3 g Glucides<\/li><li>24 g Lipides<br \/><br \/>(sans les sp\u00e4tzlis et la salade verte)<\/li><\/ul>\t\t\t\t\t\t\t\t<\/div>\n\t\t\t\t<\/div>\n\t\t\t\t<div class=\"elementor-element elementor-element-be34385 elementor-widget-divider--view-line elementor-widget elementor-widget-divider\" data-id=\"be34385\" data-element_type=\"widget\" data-e-type=\"widget\" data-widget_type=\"divider.default\">\n\t\t\t\t<div class=\"elementor-widget-container\">\n\t\t\t\t\t\t\t<div class=\"elementor-divider\">\n\t\t\t<span class=\"elementor-divider-separator\">\n\t\t\t\t\t\t<\/span>\n\t\t<\/div>\n\t\t\t\t\t\t<\/div>\n\t\t\t\t<\/div>\n\t\t\t\t<div class=\"elementor-element elementor-element-887b5bd elementor-widget elementor-widget-text-editor\" data-id=\"887b5bd\" data-element_type=\"widget\" data-e-type=\"widget\" data-widget_type=\"text-editor.default\">\n\t\t\t\t<div class=\"elementor-widget-container\">\n\t\t\t\t\t\t\t\t\t<p><i>Source:\u00a0<\/i><a href=\"https:\/\/www.schweizerfleisch.ch\" target=\"_blank\" rel=\"noopener\">www.schweizerfleisch.ch<\/a><\/p>\t\t\t\t\t\t\t\t<\/div>\n\t\t\t\t<\/div>\n\t\t\t\t\t<\/div>\n\t\t<\/div>\n\t\t\t\t\t<\/div>\n\t\t<\/section>\n\t\t\t\t<\/div>\n\t\t","protected":false},"excerpt":{"rendered":"<p>4 portions Ingr\u00e9dients: 700 g d\u2019\u00e9minc\u00e9 de cerf 1\/2 cc de sel, poivre noir 3 cs de beurre \u00e0 r\u00f4tir ou d\u2019huile 125g de m\u00fbres fra\u00eeches ou d\u00e9congel\u00e9es 4 c\u00e8pes moyens Quelques feuilles de persil commun Sauce aux m\u00fbres 3 cc d\u2019eau-de-vie de m\u00fbres 1 bocal (4 dl) de fond de champignon ou de gibier [&hellip;]<\/p>\n","protected":false},"author":1,"featured_media":4466,"comment_status":"closed","ping_status":"closed","sticky":false,"template":"","format":"standard","meta":{"footnotes":""},"categories":[61,56],"tags":[],"class_list":["post-5918","post","type-post","status-publish","format-standard","has-post-thumbnail","hentry","category-cerf","category-recettes"],"yoast_head":"<!-- This site is optimized with the Yoast SEO plugin v27.3 - https:\/\/yoast.com\/product\/yoast-seo-wordpress\/ -->\n<title>Eminc\u00e9 de cerf - Metzgerei H\u00e4mmerli<\/title>\n<meta name=\"robots\" content=\"index, follow, max-snippet:-1, max-image-preview:large, max-video-preview:-1\" \/>\n<link rel=\"canonical\" href=\"https:\/\/www.metzgerei-haemmerli.ch\/fr\/recettes\/cerf\/emince-de-cerf\/\" \/>\n<meta property=\"og:locale\" content=\"fr_FR\" \/>\n<meta property=\"og:type\" content=\"article\" \/>\n<meta property=\"og:title\" content=\"Eminc\u00e9 de cerf - Metzgerei H\u00e4mmerli\" \/>\n<meta property=\"og:description\" content=\"4 portions Ingr\u00e9dients: 700 g d\u2019\u00e9minc\u00e9 de cerf 1\/2 cc de sel, poivre noir 3 cs de beurre \u00e0 r\u00f4tir ou d\u2019huile 125g de m\u00fbres fra\u00eeches ou d\u00e9congel\u00e9es 4 c\u00e8pes moyens Quelques feuilles de persil commun Sauce aux m\u00fbres 3 cc d\u2019eau-de-vie de m\u00fbres 1 bocal (4 dl) de fond de champignon ou de gibier [&hellip;]\" \/>\n<meta property=\"og:url\" content=\"https:\/\/www.metzgerei-haemmerli.ch\/fr\/recettes\/cerf\/emince-de-cerf\/\" \/>\n<meta property=\"og:site_name\" content=\"Metzgerei H\u00e4mmerli\" \/>\n<meta property=\"article:publisher\" content=\"https:\/\/www.facebook.com\/metzgerei.haemmerli\" \/>\n<meta property=\"article:published_time\" content=\"2022-10-12T15:18:10+00:00\" \/>\n<meta property=\"article:modified_time\" content=\"2025-11-20T11:21:43+00:00\" \/>\n<meta property=\"og:image\" content=\"https:\/\/www.metzgerei-haemmerli.ch\/wp-content\/uploads\/Hirschgeschnetzeltes.jpg\" \/>\n\t<meta property=\"og:image:width\" content=\"260\" \/>\n\t<meta property=\"og:image:height\" content=\"160\" \/>\n\t<meta property=\"og:image:type\" content=\"image\/jpeg\" \/>\n<meta name=\"author\" content=\"Webmaster\" \/>\n<meta name=\"twitter:card\" content=\"summary_large_image\" \/>\n<meta name=\"twitter:label1\" content=\"\u00c9crit par\" \/>\n\t<meta name=\"twitter:data1\" content=\"Webmaster\" \/>\n\t<meta name=\"twitter:label2\" content=\"Dur\u00e9e de lecture estim\u00e9e\" \/>\n\t<meta name=\"twitter:data2\" content=\"2 minutes\" \/>\n<script type=\"application\/ld+json\" class=\"yoast-schema-graph\">{\"@context\":\"https:\\\/\\\/schema.org\",\"@graph\":[{\"@type\":\"Article\",\"@id\":\"https:\\\/\\\/www.metzgerei-haemmerli.ch\\\/fr\\\/recettes\\\/cerf\\\/emince-de-cerf\\\/#article\",\"isPartOf\":{\"@id\":\"https:\\\/\\\/www.metzgerei-haemmerli.ch\\\/fr\\\/recettes\\\/cerf\\\/emince-de-cerf\\\/\"},\"author\":{\"name\":\"Webmaster\",\"@id\":\"https:\\\/\\\/www.metzgerei-haemmerli.ch\\\/fr\\\/#\\\/schema\\\/person\\\/a76cea7eda593021f1638f01253641d4\"},\"headline\":\"Eminc\u00e9 de cerf\",\"datePublished\":\"2022-10-12T15:18:10+00:00\",\"dateModified\":\"2025-11-20T11:21:43+00:00\",\"mainEntityOfPage\":{\"@id\":\"https:\\\/\\\/www.metzgerei-haemmerli.ch\\\/fr\\\/recettes\\\/cerf\\\/emince-de-cerf\\\/\"},\"wordCount\":217,\"publisher\":{\"@id\":\"https:\\\/\\\/www.metzgerei-haemmerli.ch\\\/fr\\\/#organization\"},\"image\":{\"@id\":\"https:\\\/\\\/www.metzgerei-haemmerli.ch\\\/fr\\\/recettes\\\/cerf\\\/emince-de-cerf\\\/#primaryimage\"},\"thumbnailUrl\":\"https:\\\/\\\/www.metzgerei-haemmerli.ch\\\/wp-content\\\/uploads\\\/Hirschgeschnetzeltes.jpg\",\"articleSection\":[\"Cerf\",\"Recettes\"],\"inLanguage\":\"fr-FR\"},{\"@type\":\"WebPage\",\"@id\":\"https:\\\/\\\/www.metzgerei-haemmerli.ch\\\/fr\\\/recettes\\\/cerf\\\/emince-de-cerf\\\/\",\"url\":\"https:\\\/\\\/www.metzgerei-haemmerli.ch\\\/fr\\\/recettes\\\/cerf\\\/emince-de-cerf\\\/\",\"name\":\"Eminc\u00e9 de cerf - Metzgerei H\u00e4mmerli\",\"isPartOf\":{\"@id\":\"https:\\\/\\\/www.metzgerei-haemmerli.ch\\\/fr\\\/#website\"},\"primaryImageOfPage\":{\"@id\":\"https:\\\/\\\/www.metzgerei-haemmerli.ch\\\/fr\\\/recettes\\\/cerf\\\/emince-de-cerf\\\/#primaryimage\"},\"image\":{\"@id\":\"https:\\\/\\\/www.metzgerei-haemmerli.ch\\\/fr\\\/recettes\\\/cerf\\\/emince-de-cerf\\\/#primaryimage\"},\"thumbnailUrl\":\"https:\\\/\\\/www.metzgerei-haemmerli.ch\\\/wp-content\\\/uploads\\\/Hirschgeschnetzeltes.jpg\",\"datePublished\":\"2022-10-12T15:18:10+00:00\",\"dateModified\":\"2025-11-20T11:21:43+00:00\",\"breadcrumb\":{\"@id\":\"https:\\\/\\\/www.metzgerei-haemmerli.ch\\\/fr\\\/recettes\\\/cerf\\\/emince-de-cerf\\\/#breadcrumb\"},\"inLanguage\":\"fr-FR\",\"potentialAction\":[{\"@type\":\"ReadAction\",\"target\":[\"https:\\\/\\\/www.metzgerei-haemmerli.ch\\\/fr\\\/recettes\\\/cerf\\\/emince-de-cerf\\\/\"]}]},{\"@type\":\"ImageObject\",\"inLanguage\":\"fr-FR\",\"@id\":\"https:\\\/\\\/www.metzgerei-haemmerli.ch\\\/fr\\\/recettes\\\/cerf\\\/emince-de-cerf\\\/#primaryimage\",\"url\":\"https:\\\/\\\/www.metzgerei-haemmerli.ch\\\/wp-content\\\/uploads\\\/Hirschgeschnetzeltes.jpg\",\"contentUrl\":\"https:\\\/\\\/www.metzgerei-haemmerli.ch\\\/wp-content\\\/uploads\\\/Hirschgeschnetzeltes.jpg\",\"width\":260,\"height\":160,\"caption\":\"Hirschgeschnetzeltes\"},{\"@type\":\"BreadcrumbList\",\"@id\":\"https:\\\/\\\/www.metzgerei-haemmerli.ch\\\/fr\\\/recettes\\\/cerf\\\/emince-de-cerf\\\/#breadcrumb\",\"itemListElement\":[{\"@type\":\"ListItem\",\"position\":1,\"name\":\"Home\",\"item\":\"https:\\\/\\\/www.metzgerei-haemmerli.ch\\\/fr\\\/\"},{\"@type\":\"ListItem\",\"position\":2,\"name\":\"Eminc\u00e9 de cerf\"}]},{\"@type\":\"WebSite\",\"@id\":\"https:\\\/\\\/www.metzgerei-haemmerli.ch\\\/fr\\\/#website\",\"url\":\"https:\\\/\\\/www.metzgerei-haemmerli.ch\\\/fr\\\/\",\"name\":\"Metzgerei H\u00e4mmerli\",\"description\":\"Ihr Fachmann f\u00fcr guten Geschmack\",\"publisher\":{\"@id\":\"https:\\\/\\\/www.metzgerei-haemmerli.ch\\\/fr\\\/#organization\"},\"potentialAction\":[{\"@type\":\"SearchAction\",\"target\":{\"@type\":\"EntryPoint\",\"urlTemplate\":\"https:\\\/\\\/www.metzgerei-haemmerli.ch\\\/fr\\\/?s={search_term_string}\"},\"query-input\":{\"@type\":\"PropertyValueSpecification\",\"valueRequired\":true,\"valueName\":\"search_term_string\"}}],\"inLanguage\":\"fr-FR\"},{\"@type\":\"Organization\",\"@id\":\"https:\\\/\\\/www.metzgerei-haemmerli.ch\\\/fr\\\/#organization\",\"name\":\"Metzgerei H\u00e4mmerli\",\"url\":\"https:\\\/\\\/www.metzgerei-haemmerli.ch\\\/fr\\\/\",\"logo\":{\"@type\":\"ImageObject\",\"inLanguage\":\"fr-FR\",\"@id\":\"https:\\\/\\\/www.metzgerei-haemmerli.ch\\\/fr\\\/#\\\/schema\\\/logo\\\/image\\\/\",\"url\":\"https:\\\/\\\/www.metzgerei-haemmerli.ch\\\/wp-content\\\/uploads\\\/hammerli_logo_rosso_h200.png\",\"contentUrl\":\"https:\\\/\\\/www.metzgerei-haemmerli.ch\\\/wp-content\\\/uploads\\\/hammerli_logo_rosso_h200.png\",\"width\":919,\"height\":200,\"caption\":\"Metzgerei H\u00e4mmerli\"},\"image\":{\"@id\":\"https:\\\/\\\/www.metzgerei-haemmerli.ch\\\/fr\\\/#\\\/schema\\\/logo\\\/image\\\/\"},\"sameAs\":[\"https:\\\/\\\/www.facebook.com\\\/metzgerei.haemmerli\"]},{\"@type\":\"Person\",\"@id\":\"https:\\\/\\\/www.metzgerei-haemmerli.ch\\\/fr\\\/#\\\/schema\\\/person\\\/a76cea7eda593021f1638f01253641d4\",\"name\":\"Webmaster\",\"image\":{\"@type\":\"ImageObject\",\"inLanguage\":\"fr-FR\",\"@id\":\"https:\\\/\\\/secure.gravatar.com\\\/avatar\\\/649ec591a16dfc07124dcef7052a233ea9e65a9ac4dc337e6c49d42d5887463b?s=96&d=mm&r=g\",\"url\":\"https:\\\/\\\/secure.gravatar.com\\\/avatar\\\/649ec591a16dfc07124dcef7052a233ea9e65a9ac4dc337e6c49d42d5887463b?s=96&d=mm&r=g\",\"contentUrl\":\"https:\\\/\\\/secure.gravatar.com\\\/avatar\\\/649ec591a16dfc07124dcef7052a233ea9e65a9ac4dc337e6c49d42d5887463b?s=96&d=mm&r=g\",\"caption\":\"Webmaster\"},\"sameAs\":[\"https:\\\/\\\/www.metzgerei-haemmerli.ch\"]}]}<\/script>\n<!-- \/ Yoast SEO plugin. -->","yoast_head_json":{"title":"Eminc\u00e9 de cerf - Metzgerei H\u00e4mmerli","robots":{"index":"index","follow":"follow","max-snippet":"max-snippet:-1","max-image-preview":"max-image-preview:large","max-video-preview":"max-video-preview:-1"},"canonical":"https:\/\/www.metzgerei-haemmerli.ch\/fr\/recettes\/cerf\/emince-de-cerf\/","og_locale":"fr_FR","og_type":"article","og_title":"Eminc\u00e9 de cerf - Metzgerei H\u00e4mmerli","og_description":"4 portions Ingr\u00e9dients: 700 g d\u2019\u00e9minc\u00e9 de cerf 1\/2 cc de sel, poivre noir 3 cs de beurre \u00e0 r\u00f4tir ou d\u2019huile 125g de m\u00fbres fra\u00eeches ou d\u00e9congel\u00e9es 4 c\u00e8pes moyens Quelques feuilles de persil commun Sauce aux m\u00fbres 3 cc d\u2019eau-de-vie de m\u00fbres 1 bocal (4 dl) de fond de champignon ou de gibier [&hellip;]","og_url":"https:\/\/www.metzgerei-haemmerli.ch\/fr\/recettes\/cerf\/emince-de-cerf\/","og_site_name":"Metzgerei H\u00e4mmerli","article_publisher":"https:\/\/www.facebook.com\/metzgerei.haemmerli","article_published_time":"2022-10-12T15:18:10+00:00","article_modified_time":"2025-11-20T11:21:43+00:00","og_image":[{"width":260,"height":160,"url":"https:\/\/www.metzgerei-haemmerli.ch\/wp-content\/uploads\/Hirschgeschnetzeltes.jpg","type":"image\/jpeg"}],"author":"Webmaster","twitter_card":"summary_large_image","twitter_misc":{"\u00c9crit par":"Webmaster","Dur\u00e9e de lecture estim\u00e9e":"2 minutes"},"schema":{"@context":"https:\/\/schema.org","@graph":[{"@type":"Article","@id":"https:\/\/www.metzgerei-haemmerli.ch\/fr\/recettes\/cerf\/emince-de-cerf\/#article","isPartOf":{"@id":"https:\/\/www.metzgerei-haemmerli.ch\/fr\/recettes\/cerf\/emince-de-cerf\/"},"author":{"name":"Webmaster","@id":"https:\/\/www.metzgerei-haemmerli.ch\/fr\/#\/schema\/person\/a76cea7eda593021f1638f01253641d4"},"headline":"Eminc\u00e9 de cerf","datePublished":"2022-10-12T15:18:10+00:00","dateModified":"2025-11-20T11:21:43+00:00","mainEntityOfPage":{"@id":"https:\/\/www.metzgerei-haemmerli.ch\/fr\/recettes\/cerf\/emince-de-cerf\/"},"wordCount":217,"publisher":{"@id":"https:\/\/www.metzgerei-haemmerli.ch\/fr\/#organization"},"image":{"@id":"https:\/\/www.metzgerei-haemmerli.ch\/fr\/recettes\/cerf\/emince-de-cerf\/#primaryimage"},"thumbnailUrl":"https:\/\/www.metzgerei-haemmerli.ch\/wp-content\/uploads\/Hirschgeschnetzeltes.jpg","articleSection":["Cerf","Recettes"],"inLanguage":"fr-FR"},{"@type":"WebPage","@id":"https:\/\/www.metzgerei-haemmerli.ch\/fr\/recettes\/cerf\/emince-de-cerf\/","url":"https:\/\/www.metzgerei-haemmerli.ch\/fr\/recettes\/cerf\/emince-de-cerf\/","name":"Eminc\u00e9 de cerf - Metzgerei H\u00e4mmerli","isPartOf":{"@id":"https:\/\/www.metzgerei-haemmerli.ch\/fr\/#website"},"primaryImageOfPage":{"@id":"https:\/\/www.metzgerei-haemmerli.ch\/fr\/recettes\/cerf\/emince-de-cerf\/#primaryimage"},"image":{"@id":"https:\/\/www.metzgerei-haemmerli.ch\/fr\/recettes\/cerf\/emince-de-cerf\/#primaryimage"},"thumbnailUrl":"https:\/\/www.metzgerei-haemmerli.ch\/wp-content\/uploads\/Hirschgeschnetzeltes.jpg","datePublished":"2022-10-12T15:18:10+00:00","dateModified":"2025-11-20T11:21:43+00:00","breadcrumb":{"@id":"https:\/\/www.metzgerei-haemmerli.ch\/fr\/recettes\/cerf\/emince-de-cerf\/#breadcrumb"},"inLanguage":"fr-FR","potentialAction":[{"@type":"ReadAction","target":["https:\/\/www.metzgerei-haemmerli.ch\/fr\/recettes\/cerf\/emince-de-cerf\/"]}]},{"@type":"ImageObject","inLanguage":"fr-FR","@id":"https:\/\/www.metzgerei-haemmerli.ch\/fr\/recettes\/cerf\/emince-de-cerf\/#primaryimage","url":"https:\/\/www.metzgerei-haemmerli.ch\/wp-content\/uploads\/Hirschgeschnetzeltes.jpg","contentUrl":"https:\/\/www.metzgerei-haemmerli.ch\/wp-content\/uploads\/Hirschgeschnetzeltes.jpg","width":260,"height":160,"caption":"Hirschgeschnetzeltes"},{"@type":"BreadcrumbList","@id":"https:\/\/www.metzgerei-haemmerli.ch\/fr\/recettes\/cerf\/emince-de-cerf\/#breadcrumb","itemListElement":[{"@type":"ListItem","position":1,"name":"Home","item":"https:\/\/www.metzgerei-haemmerli.ch\/fr\/"},{"@type":"ListItem","position":2,"name":"Eminc\u00e9 de cerf"}]},{"@type":"WebSite","@id":"https:\/\/www.metzgerei-haemmerli.ch\/fr\/#website","url":"https:\/\/www.metzgerei-haemmerli.ch\/fr\/","name":"Metzgerei H\u00e4mmerli","description":"Ihr Fachmann f\u00fcr guten Geschmack","publisher":{"@id":"https:\/\/www.metzgerei-haemmerli.ch\/fr\/#organization"},"potentialAction":[{"@type":"SearchAction","target":{"@type":"EntryPoint","urlTemplate":"https:\/\/www.metzgerei-haemmerli.ch\/fr\/?s={search_term_string}"},"query-input":{"@type":"PropertyValueSpecification","valueRequired":true,"valueName":"search_term_string"}}],"inLanguage":"fr-FR"},{"@type":"Organization","@id":"https:\/\/www.metzgerei-haemmerli.ch\/fr\/#organization","name":"Metzgerei H\u00e4mmerli","url":"https:\/\/www.metzgerei-haemmerli.ch\/fr\/","logo":{"@type":"ImageObject","inLanguage":"fr-FR","@id":"https:\/\/www.metzgerei-haemmerli.ch\/fr\/#\/schema\/logo\/image\/","url":"https:\/\/www.metzgerei-haemmerli.ch\/wp-content\/uploads\/hammerli_logo_rosso_h200.png","contentUrl":"https:\/\/www.metzgerei-haemmerli.ch\/wp-content\/uploads\/hammerli_logo_rosso_h200.png","width":919,"height":200,"caption":"Metzgerei H\u00e4mmerli"},"image":{"@id":"https:\/\/www.metzgerei-haemmerli.ch\/fr\/#\/schema\/logo\/image\/"},"sameAs":["https:\/\/www.facebook.com\/metzgerei.haemmerli"]},{"@type":"Person","@id":"https:\/\/www.metzgerei-haemmerli.ch\/fr\/#\/schema\/person\/a76cea7eda593021f1638f01253641d4","name":"Webmaster","image":{"@type":"ImageObject","inLanguage":"fr-FR","@id":"https:\/\/secure.gravatar.com\/avatar\/649ec591a16dfc07124dcef7052a233ea9e65a9ac4dc337e6c49d42d5887463b?s=96&d=mm&r=g","url":"https:\/\/secure.gravatar.com\/avatar\/649ec591a16dfc07124dcef7052a233ea9e65a9ac4dc337e6c49d42d5887463b?s=96&d=mm&r=g","contentUrl":"https:\/\/secure.gravatar.com\/avatar\/649ec591a16dfc07124dcef7052a233ea9e65a9ac4dc337e6c49d42d5887463b?s=96&d=mm&r=g","caption":"Webmaster"},"sameAs":["https:\/\/www.metzgerei-haemmerli.ch"]}]}},"_links":{"self":[{"href":"https:\/\/www.metzgerei-haemmerli.ch\/fr\/wp-json\/wp\/v2\/posts\/5918","targetHints":{"allow":["GET"]}}],"collection":[{"href":"https:\/\/www.metzgerei-haemmerli.ch\/fr\/wp-json\/wp\/v2\/posts"}],"about":[{"href":"https:\/\/www.metzgerei-haemmerli.ch\/fr\/wp-json\/wp\/v2\/types\/post"}],"author":[{"embeddable":true,"href":"https:\/\/www.metzgerei-haemmerli.ch\/fr\/wp-json\/wp\/v2\/users\/1"}],"replies":[{"embeddable":true,"href":"https:\/\/www.metzgerei-haemmerli.ch\/fr\/wp-json\/wp\/v2\/comments?post=5918"}],"version-history":[{"count":7,"href":"https:\/\/www.metzgerei-haemmerli.ch\/fr\/wp-json\/wp\/v2\/posts\/5918\/revisions"}],"predecessor-version":[{"id":5925,"href":"https:\/\/www.metzgerei-haemmerli.ch\/fr\/wp-json\/wp\/v2\/posts\/5918\/revisions\/5925"}],"wp:featuredmedia":[{"embeddable":true,"href":"https:\/\/www.metzgerei-haemmerli.ch\/fr\/wp-json\/wp\/v2\/media\/4466"}],"wp:attachment":[{"href":"https:\/\/www.metzgerei-haemmerli.ch\/fr\/wp-json\/wp\/v2\/media?parent=5918"}],"wp:term":[{"taxonomy":"category","embeddable":true,"href":"https:\/\/www.metzgerei-haemmerli.ch\/fr\/wp-json\/wp\/v2\/categories?post=5918"},{"taxonomy":"post_tag","embeddable":true,"href":"https:\/\/www.metzgerei-haemmerli.ch\/fr\/wp-json\/wp\/v2\/tags?post=5918"}],"curies":[{"name":"wp","href":"https:\/\/api.w.org\/{rel}","templated":true}]}}