{"id":5890,"date":"2022-10-12T17:32:51","date_gmt":"2022-10-12T15:32:51","guid":{"rendered":"https:\/\/www.metzgerei-haemmerli.ch\/non-classifiee\/kalbsnierstueck-im-orangen-wacholder-mantel-mit-rotwein-schalottensauce\/"},"modified":"2025-11-20T12:20:57","modified_gmt":"2025-11-20T11:20:57","slug":"filet-de-veau-en-manteau-doranges-et-de-genievre-et-a-la-sauce-echalotes-vin-rouge","status":"publish","type":"post","link":"https:\/\/www.metzgerei-haemmerli.ch\/fr\/recettes\/veau\/filet-de-veau-en-manteau-doranges-et-de-genievre-et-a-la-sauce-echalotes-vin-rouge\/","title":{"rendered":"Filet de veau en manteau d\u2019oranges et de geni\u00e8vre et \u00e0 la sauce \u00e9chalotes-vin rouge"},"content":{"rendered":"\t\t<div data-elementor-type=\"wp-post\" data-elementor-id=\"5890\" class=\"elementor elementor-5890 elementor-4498\">\n\t\t\t\t\t\t<section class=\"elementor-section elementor-top-section elementor-element elementor-element-1d28989b elementor-section-boxed elementor-section-height-default elementor-section-height-default\" data-id=\"1d28989b\" data-element_type=\"section\" data-e-type=\"section\">\n\t\t\t\t\t\t<div class=\"elementor-container elementor-column-gap-default\">\n\t\t\t\t\t<div class=\"elementor-column elementor-col-100 elementor-top-column elementor-element elementor-element-74ea9de\" data-id=\"74ea9de\" data-element_type=\"column\" data-e-type=\"column\">\n\t\t\t<div class=\"elementor-widget-wrap elementor-element-populated\">\n\t\t\t\t\t\t<div class=\"elementor-element elementor-element-01d73ab elementor-hidden-desktop elementor-hidden-tablet elementor-widget elementor-widget-image\" data-id=\"01d73ab\" data-element_type=\"widget\" data-e-type=\"widget\" data-widget_type=\"image.default\">\n\t\t\t\t<div class=\"elementor-widget-container\">\n\t\t\t\t\t\t\t\t\t\t\t\t\t\t\t<img decoding=\"async\" width=\"260\" height=\"160\" src=\"https:\/\/www.metzgerei-haemmerli.ch\/wp-content\/uploads\/Kalbsnierstueck-im-Orangen-Wachholder.jpg\" class=\"attachment-full size-full wp-image-4500\" alt=\"Kalbsnierstueck-im-Orangen-Wachholder\" \/>\t\t\t\t\t\t\t\t\t\t\t\t\t\t\t<\/div>\n\t\t\t\t<\/div>\n\t\t\t\t<section class=\"elementor-section elementor-inner-section elementor-element elementor-element-ebea3ad elementor-section-boxed elementor-section-height-default elementor-section-height-default\" data-id=\"ebea3ad\" data-element_type=\"section\" data-e-type=\"section\">\n\t\t\t\t\t\t<div class=\"elementor-container elementor-column-gap-no\">\n\t\t\t\t\t<div class=\"elementor-column elementor-col-50 elementor-inner-column elementor-element elementor-element-ab15e5f\" data-id=\"ab15e5f\" data-element_type=\"column\" data-e-type=\"column\">\n\t\t\t<div class=\"elementor-widget-wrap elementor-element-populated\">\n\t\t\t\t\t\t<div class=\"elementor-element elementor-element-128ccdbb elementor-widget elementor-widget-text-editor\" data-id=\"128ccdbb\" data-element_type=\"widget\" data-e-type=\"widget\" data-widget_type=\"text-editor.default\">\n\t\t\t\t<div class=\"elementor-widget-container\">\n\t\t\t\t\t\t\t\t\t4 portions\t\t\t\t\t\t\t\t<\/div>\n\t\t\t\t<\/div>\n\t\t\t\t<div class=\"elementor-element elementor-element-34be77c elementor-widget elementor-widget-text-editor\" data-id=\"34be77c\" data-element_type=\"widget\" data-e-type=\"widget\" data-widget_type=\"text-editor.default\">\n\t\t\t\t<div class=\"elementor-widget-container\">\n\t\t\t\t\t\t\t\t\tIngr\u00e9dients:\t\t\t\t\t\t\t\t<\/div>\n\t\t\t\t<\/div>\n\t\t\t\t<div class=\"elementor-element elementor-element-429b882 elementor-widget elementor-widget-text-editor\" data-id=\"429b882\" data-element_type=\"widget\" data-e-type=\"widget\" data-widget_type=\"text-editor.default\">\n\t\t\t\t<div class=\"elementor-widget-container\">\n\t\t\t\t\t\t\t\t\t<ul><li>800g filet de veau suisse<\/li><li>Sel et poivre du moulin<\/li><li>3 cs huile d\u2019olive<\/li><li>1 grosse Orange<\/li><li>1 cs baies de geni\u00e8vre<\/li><li>250g \u00e9chalotes<\/li><li>1 branche thym<\/li><li>3 dl vin rouge sec<\/li><li>30g beurre froid<\/li><\/ul>\t\t\t\t\t\t\t\t<\/div>\n\t\t\t\t<\/div>\n\t\t\t\t\t<\/div>\n\t\t<\/div>\n\t\t\t\t<div class=\"elementor-column elementor-col-50 elementor-inner-column elementor-element elementor-element-bab3917\" data-id=\"bab3917\" data-element_type=\"column\" data-e-type=\"column\">\n\t\t\t<div class=\"elementor-widget-wrap elementor-element-populated\">\n\t\t\t\t\t\t<div class=\"elementor-element elementor-element-699237f elementor-hidden-mobile elementor-widget elementor-widget-image\" data-id=\"699237f\" data-element_type=\"widget\" data-e-type=\"widget\" data-widget_type=\"image.default\">\n\t\t\t\t<div class=\"elementor-widget-container\">\n\t\t\t\t\t\t\t\t\t\t\t\t\t\t\t<img decoding=\"async\" width=\"260\" height=\"160\" src=\"https:\/\/www.metzgerei-haemmerli.ch\/wp-content\/uploads\/Kalbsnierstueck-im-Orangen-Wachholder.jpg\" class=\"attachment-full size-full wp-image-4500\" alt=\"Kalbsnierstueck-im-Orangen-Wachholder\" \/>\t\t\t\t\t\t\t\t\t\t\t\t\t\t\t<\/div>\n\t\t\t\t<\/div>\n\t\t\t\t\t<\/div>\n\t\t<\/div>\n\t\t\t\t\t<\/div>\n\t\t<\/section>\n\t\t\t\t<div class=\"elementor-element elementor-element-3623252 elementor-widget elementor-widget-spacer\" data-id=\"3623252\" data-element_type=\"widget\" data-e-type=\"widget\" data-widget_type=\"spacer.default\">\n\t\t\t\t<div class=\"elementor-widget-container\">\n\t\t\t\t\t\t\t<div class=\"elementor-spacer\">\n\t\t\t<div class=\"elementor-spacer-inner\"><\/div>\n\t\t<\/div>\n\t\t\t\t\t\t<\/div>\n\t\t\t\t<\/div>\n\t\t\t\t<div class=\"elementor-element elementor-element-80e0c39 elementor-widget elementor-widget-text-editor\" data-id=\"80e0c39\" data-element_type=\"widget\" data-e-type=\"widget\" data-widget_type=\"text-editor.default\">\n\t\t\t\t<div class=\"elementor-widget-container\">\n\t\t\t\t\t\t\t\t\tPr\u00e9paration:\t\t\t\t\t\t\t\t<\/div>\n\t\t\t\t<\/div>\n\t\t\t\t<div class=\"elementor-element elementor-element-3e9d74a elementor-widget elementor-widget-text-editor\" data-id=\"3e9d74a\" data-element_type=\"widget\" data-e-type=\"widget\" data-widget_type=\"text-editor.default\">\n\t\t\t\t<div class=\"elementor-widget-container\">\n\t\t\t\t\t\t\t\t\t<ol>\n \t<li>Saler et poivrer le filet de veau. Bien saisir la viande de tous c\u00f4t\u00e9s dans l\u2019huile d\u2019olive tr\u00e8s chaude et la d\u00e9poser dans un plat allant au four. Laver l\u2019orange \u00e0 l\u2019eau chaude, la peler \u00e0 l\u2019aide d\u2019un zesteur et presser le jus. Ecraser grossi\u00e8rement les baies de geni\u00e8vre et les m\u00e9langer avec le jus et le zeste d\u2019orange. Etaler la pr\u00e9paration sur le r\u00f4ti de veau et faire cuire deux heures au four pr\u00e9chauff\u00e9 \u00e0 80 degr\u00e9s.<\/li>\n \t<li>Au bout d\u2019une heure, ajouter les \u00e9chalotes pel\u00e9es et le thym, et d\u00e9glacer avec le vin rouge.<\/li>\n \t<li>A la fin de la cuisson, sortir le r\u00f4ti du plat et r\u00e9server au chaud. Mouiller le fond de cuisson avec un peu d\u2019eau pour d\u00e9coller les sucs et faire bouillir avec les \u00e9chalotes sur la plaque de cuisson. Retirer du feu, incorporer le beurre froid et m\u00e9langer. Saler et poivrer.<\/li>\n \t<li>Couper le r\u00f4ti en tranches et servir avec la sauce \u00e9chalotes-vin rouge.<\/li>\n<\/ol>\t\t\t\t\t\t\t\t<\/div>\n\t\t\t\t<\/div>\n\t\t\t\t<div class=\"elementor-element elementor-element-204549d elementor-widget elementor-widget-text-editor\" data-id=\"204549d\" data-element_type=\"widget\" data-e-type=\"widget\" data-widget_type=\"text-editor.default\">\n\t\t\t\t<div class=\"elementor-widget-container\">\n\t\t\t\t\t\t\t\t\tGarnitures:\t\t\t\t\t\t\t\t<\/div>\n\t\t\t\t<\/div>\n\t\t\t\t<div class=\"elementor-element elementor-element-f91b504 elementor-widget elementor-widget-text-editor\" data-id=\"f91b504\" data-element_type=\"widget\" data-e-type=\"widget\" data-widget_type=\"text-editor.default\">\n\t\t\t\t<div class=\"elementor-widget-container\">\n\t\t\t\t\t\t\t\t\t<p>Accompagner de galettes de pommes de terre aux herbes et de c\u00e9leri-branche.<\/p>\t\t\t\t\t\t\t\t<\/div>\n\t\t\t\t<\/div>\n\t\t\t\t<div class=\"elementor-element elementor-element-372b048 elementor-widget-divider--view-line elementor-widget elementor-widget-divider\" data-id=\"372b048\" data-element_type=\"widget\" data-e-type=\"widget\" data-widget_type=\"divider.default\">\n\t\t\t\t<div class=\"elementor-widget-container\">\n\t\t\t\t\t\t\t<div class=\"elementor-divider\">\n\t\t\t<span class=\"elementor-divider-separator\">\n\t\t\t\t\t\t<\/span>\n\t\t<\/div>\n\t\t\t\t\t\t<\/div>\n\t\t\t\t<\/div>\n\t\t\t\t<div class=\"elementor-element elementor-element-282c3ac elementor-widget elementor-widget-text-editor\" data-id=\"282c3ac\" data-element_type=\"widget\" data-e-type=\"widget\" data-widget_type=\"text-editor.default\">\n\t\t\t\t<div class=\"elementor-widget-container\">\n\t\t\t\t\t\t\t\t\tValeurs nutritives:\t\t\t\t\t\t\t\t<\/div>\n\t\t\t\t<\/div>\n\t\t\t\t<div class=\"elementor-element elementor-element-83e70f3 elementor-widget elementor-widget-text-editor\" data-id=\"83e70f3\" data-element_type=\"widget\" data-e-type=\"widget\" data-widget_type=\"text-editor.default\">\n\t\t\t\t<div class=\"elementor-widget-container\">\n\t\t\t\t\t\t\t\t\t<p>Une portion contient:<\/p><ul><li>250 kcal<\/li><li>30 g Prot\u00e9ines<\/li><li>4 g Glucides<\/li><li>11 g Lipides<br \/><br \/>(sans galettes de pommes de terre aux herbes ni c\u00e9leri-branche)<\/li><\/ul>\t\t\t\t\t\t\t\t<\/div>\n\t\t\t\t<\/div>\n\t\t\t\t<div class=\"elementor-element elementor-element-be34385 elementor-widget-divider--view-line elementor-widget elementor-widget-divider\" data-id=\"be34385\" data-element_type=\"widget\" data-e-type=\"widget\" data-widget_type=\"divider.default\">\n\t\t\t\t<div class=\"elementor-widget-container\">\n\t\t\t\t\t\t\t<div class=\"elementor-divider\">\n\t\t\t<span class=\"elementor-divider-separator\">\n\t\t\t\t\t\t<\/span>\n\t\t<\/div>\n\t\t\t\t\t\t<\/div>\n\t\t\t\t<\/div>\n\t\t\t\t<div class=\"elementor-element elementor-element-887b5bd elementor-widget elementor-widget-text-editor\" data-id=\"887b5bd\" data-element_type=\"widget\" data-e-type=\"widget\" data-widget_type=\"text-editor.default\">\n\t\t\t\t<div class=\"elementor-widget-container\">\n\t\t\t\t\t\t\t\t\t<p><i>Source:\u00a0<\/i><a href=\"https:\/\/www.schweizerfleisch.ch\" target=\"_blank\" rel=\"noopener\">www.schweizerfleisch.ch<\/a><\/p>\t\t\t\t\t\t\t\t<\/div>\n\t\t\t\t<\/div>\n\t\t\t\t\t<\/div>\n\t\t<\/div>\n\t\t\t\t\t<\/div>\n\t\t<\/section>\n\t\t\t\t<\/div>\n\t\t","protected":false},"excerpt":{"rendered":"<p>4 portionsIngr\u00e9dients: 800g filet de veau suisse Sel et poivre du moulin 3 cs huile d\u2019olive 1 grosse Orange 1 cs baies de geni\u00e8vre 250g \u00e9chalotes 1 branche thym 3 dl vin rouge sec 30g beurre froid Pr\u00e9paration: Saler et poivrer le filet de veau. Bien saisir la viande de tous c\u00f4t\u00e9s dans l\u2019huile d\u2019olive [&hellip;]<\/p>\n","protected":false},"author":1,"featured_media":4500,"comment_status":"closed","ping_status":"closed","sticky":false,"template":"","format":"standard","meta":{"footnotes":""},"categories":[56,62],"tags":[],"class_list":["post-5890","post","type-post","status-publish","format-standard","has-post-thumbnail","hentry","category-recettes","category-veau"],"yoast_head":"<!-- This site is optimized with the Yoast SEO plugin v27.3 - https:\/\/yoast.com\/product\/yoast-seo-wordpress\/ -->\n<title>Filet de veau en manteau d\u2019oranges et de geni\u00e8vre et \u00e0 la sauce \u00e9chalotes-vin rouge - Metzgerei H\u00e4mmerli<\/title>\n<meta name=\"robots\" content=\"index, follow, max-snippet:-1, max-image-preview:large, max-video-preview:-1\" \/>\n<link rel=\"canonical\" href=\"https:\/\/www.metzgerei-haemmerli.ch\/fr\/recettes\/veau\/filet-de-veau-en-manteau-doranges-et-de-genievre-et-a-la-sauce-echalotes-vin-rouge\/\" \/>\n<meta property=\"og:locale\" content=\"fr_FR\" \/>\n<meta property=\"og:type\" content=\"article\" \/>\n<meta property=\"og:title\" content=\"Filet de veau en manteau d\u2019oranges et de geni\u00e8vre et \u00e0 la sauce \u00e9chalotes-vin rouge - Metzgerei H\u00e4mmerli\" \/>\n<meta property=\"og:description\" content=\"4 portionsIngr\u00e9dients: 800g filet de veau suisse Sel et poivre du moulin 3 cs huile d\u2019olive 1 grosse Orange 1 cs baies de geni\u00e8vre 250g \u00e9chalotes 1 branche thym 3 dl vin rouge sec 30g beurre froid Pr\u00e9paration: Saler et poivrer le filet de veau. Bien saisir la viande de tous c\u00f4t\u00e9s dans l\u2019huile d\u2019olive [&hellip;]\" \/>\n<meta property=\"og:url\" content=\"https:\/\/www.metzgerei-haemmerli.ch\/fr\/recettes\/veau\/filet-de-veau-en-manteau-doranges-et-de-genievre-et-a-la-sauce-echalotes-vin-rouge\/\" \/>\n<meta property=\"og:site_name\" content=\"Metzgerei H\u00e4mmerli\" \/>\n<meta property=\"article:publisher\" content=\"https:\/\/www.facebook.com\/metzgerei.haemmerli\" \/>\n<meta property=\"article:published_time\" content=\"2022-10-12T15:32:51+00:00\" \/>\n<meta property=\"article:modified_time\" content=\"2025-11-20T11:20:57+00:00\" \/>\n<meta property=\"og:image\" content=\"https:\/\/www.metzgerei-haemmerli.ch\/wp-content\/uploads\/Kalbsnierstueck-im-Orangen-Wachholder.jpg\" \/>\n\t<meta property=\"og:image:width\" content=\"260\" \/>\n\t<meta property=\"og:image:height\" content=\"160\" \/>\n\t<meta property=\"og:image:type\" content=\"image\/jpeg\" \/>\n<meta name=\"author\" content=\"Webmaster\" \/>\n<meta name=\"twitter:card\" content=\"summary_large_image\" \/>\n<meta name=\"twitter:label1\" content=\"\u00c9crit par\" \/>\n\t<meta name=\"twitter:data1\" content=\"Webmaster\" \/>\n\t<meta name=\"twitter:label2\" content=\"Dur\u00e9e de lecture estim\u00e9e\" \/>\n\t<meta name=\"twitter:data2\" content=\"2 minutes\" \/>\n<script type=\"application\/ld+json\" class=\"yoast-schema-graph\">{\"@context\":\"https:\\\/\\\/schema.org\",\"@graph\":[{\"@type\":\"Article\",\"@id\":\"https:\\\/\\\/www.metzgerei-haemmerli.ch\\\/fr\\\/recettes\\\/veau\\\/filet-de-veau-en-manteau-doranges-et-de-genievre-et-a-la-sauce-echalotes-vin-rouge\\\/#article\",\"isPartOf\":{\"@id\":\"https:\\\/\\\/www.metzgerei-haemmerli.ch\\\/fr\\\/recettes\\\/veau\\\/filet-de-veau-en-manteau-doranges-et-de-genievre-et-a-la-sauce-echalotes-vin-rouge\\\/\"},\"author\":{\"name\":\"Webmaster\",\"@id\":\"https:\\\/\\\/www.metzgerei-haemmerli.ch\\\/fr\\\/#\\\/schema\\\/person\\\/a76cea7eda593021f1638f01253641d4\"},\"headline\":\"Filet de veau en manteau d\u2019oranges et de geni\u00e8vre et \u00e0 la sauce \u00e9chalotes-vin rouge\",\"datePublished\":\"2022-10-12T15:32:51+00:00\",\"dateModified\":\"2025-11-20T11:20:57+00:00\",\"mainEntityOfPage\":{\"@id\":\"https:\\\/\\\/www.metzgerei-haemmerli.ch\\\/fr\\\/recettes\\\/veau\\\/filet-de-veau-en-manteau-doranges-et-de-genievre-et-a-la-sauce-echalotes-vin-rouge\\\/\"},\"wordCount\":275,\"publisher\":{\"@id\":\"https:\\\/\\\/www.metzgerei-haemmerli.ch\\\/fr\\\/#organization\"},\"image\":{\"@id\":\"https:\\\/\\\/www.metzgerei-haemmerli.ch\\\/fr\\\/recettes\\\/veau\\\/filet-de-veau-en-manteau-doranges-et-de-genievre-et-a-la-sauce-echalotes-vin-rouge\\\/#primaryimage\"},\"thumbnailUrl\":\"https:\\\/\\\/www.metzgerei-haemmerli.ch\\\/wp-content\\\/uploads\\\/Kalbsnierstueck-im-Orangen-Wachholder.jpg\",\"articleSection\":[\"Recettes\",\"Veau\"],\"inLanguage\":\"fr-FR\"},{\"@type\":\"WebPage\",\"@id\":\"https:\\\/\\\/www.metzgerei-haemmerli.ch\\\/fr\\\/recettes\\\/veau\\\/filet-de-veau-en-manteau-doranges-et-de-genievre-et-a-la-sauce-echalotes-vin-rouge\\\/\",\"url\":\"https:\\\/\\\/www.metzgerei-haemmerli.ch\\\/fr\\\/recettes\\\/veau\\\/filet-de-veau-en-manteau-doranges-et-de-genievre-et-a-la-sauce-echalotes-vin-rouge\\\/\",\"name\":\"Filet de veau en manteau d\u2019oranges et de geni\u00e8vre et \u00e0 la sauce \u00e9chalotes-vin rouge - Metzgerei H\u00e4mmerli\",\"isPartOf\":{\"@id\":\"https:\\\/\\\/www.metzgerei-haemmerli.ch\\\/fr\\\/#website\"},\"primaryImageOfPage\":{\"@id\":\"https:\\\/\\\/www.metzgerei-haemmerli.ch\\\/fr\\\/recettes\\\/veau\\\/filet-de-veau-en-manteau-doranges-et-de-genievre-et-a-la-sauce-echalotes-vin-rouge\\\/#primaryimage\"},\"image\":{\"@id\":\"https:\\\/\\\/www.metzgerei-haemmerli.ch\\\/fr\\\/recettes\\\/veau\\\/filet-de-veau-en-manteau-doranges-et-de-genievre-et-a-la-sauce-echalotes-vin-rouge\\\/#primaryimage\"},\"thumbnailUrl\":\"https:\\\/\\\/www.metzgerei-haemmerli.ch\\\/wp-content\\\/uploads\\\/Kalbsnierstueck-im-Orangen-Wachholder.jpg\",\"datePublished\":\"2022-10-12T15:32:51+00:00\",\"dateModified\":\"2025-11-20T11:20:57+00:00\",\"breadcrumb\":{\"@id\":\"https:\\\/\\\/www.metzgerei-haemmerli.ch\\\/fr\\\/recettes\\\/veau\\\/filet-de-veau-en-manteau-doranges-et-de-genievre-et-a-la-sauce-echalotes-vin-rouge\\\/#breadcrumb\"},\"inLanguage\":\"fr-FR\",\"potentialAction\":[{\"@type\":\"ReadAction\",\"target\":[\"https:\\\/\\\/www.metzgerei-haemmerli.ch\\\/fr\\\/recettes\\\/veau\\\/filet-de-veau-en-manteau-doranges-et-de-genievre-et-a-la-sauce-echalotes-vin-rouge\\\/\"]}]},{\"@type\":\"ImageObject\",\"inLanguage\":\"fr-FR\",\"@id\":\"https:\\\/\\\/www.metzgerei-haemmerli.ch\\\/fr\\\/recettes\\\/veau\\\/filet-de-veau-en-manteau-doranges-et-de-genievre-et-a-la-sauce-echalotes-vin-rouge\\\/#primaryimage\",\"url\":\"https:\\\/\\\/www.metzgerei-haemmerli.ch\\\/wp-content\\\/uploads\\\/Kalbsnierstueck-im-Orangen-Wachholder.jpg\",\"contentUrl\":\"https:\\\/\\\/www.metzgerei-haemmerli.ch\\\/wp-content\\\/uploads\\\/Kalbsnierstueck-im-Orangen-Wachholder.jpg\",\"width\":260,\"height\":160,\"caption\":\"Kalbsnierstueck-im-Orangen-Wachholder\"},{\"@type\":\"BreadcrumbList\",\"@id\":\"https:\\\/\\\/www.metzgerei-haemmerli.ch\\\/fr\\\/recettes\\\/veau\\\/filet-de-veau-en-manteau-doranges-et-de-genievre-et-a-la-sauce-echalotes-vin-rouge\\\/#breadcrumb\",\"itemListElement\":[{\"@type\":\"ListItem\",\"position\":1,\"name\":\"Home\",\"item\":\"https:\\\/\\\/www.metzgerei-haemmerli.ch\\\/fr\\\/\"},{\"@type\":\"ListItem\",\"position\":2,\"name\":\"Filet de veau en manteau d\u2019oranges et de geni\u00e8vre et \u00e0 la sauce \u00e9chalotes-vin rouge\"}]},{\"@type\":\"WebSite\",\"@id\":\"https:\\\/\\\/www.metzgerei-haemmerli.ch\\\/fr\\\/#website\",\"url\":\"https:\\\/\\\/www.metzgerei-haemmerli.ch\\\/fr\\\/\",\"name\":\"Metzgerei H\u00e4mmerli\",\"description\":\"Ihr Fachmann f\u00fcr guten Geschmack\",\"publisher\":{\"@id\":\"https:\\\/\\\/www.metzgerei-haemmerli.ch\\\/fr\\\/#organization\"},\"potentialAction\":[{\"@type\":\"SearchAction\",\"target\":{\"@type\":\"EntryPoint\",\"urlTemplate\":\"https:\\\/\\\/www.metzgerei-haemmerli.ch\\\/fr\\\/?s={search_term_string}\"},\"query-input\":{\"@type\":\"PropertyValueSpecification\",\"valueRequired\":true,\"valueName\":\"search_term_string\"}}],\"inLanguage\":\"fr-FR\"},{\"@type\":\"Organization\",\"@id\":\"https:\\\/\\\/www.metzgerei-haemmerli.ch\\\/fr\\\/#organization\",\"name\":\"Metzgerei H\u00e4mmerli\",\"url\":\"https:\\\/\\\/www.metzgerei-haemmerli.ch\\\/fr\\\/\",\"logo\":{\"@type\":\"ImageObject\",\"inLanguage\":\"fr-FR\",\"@id\":\"https:\\\/\\\/www.metzgerei-haemmerli.ch\\\/fr\\\/#\\\/schema\\\/logo\\\/image\\\/\",\"url\":\"https:\\\/\\\/www.metzgerei-haemmerli.ch\\\/wp-content\\\/uploads\\\/hammerli_logo_rosso_h200.png\",\"contentUrl\":\"https:\\\/\\\/www.metzgerei-haemmerli.ch\\\/wp-content\\\/uploads\\\/hammerli_logo_rosso_h200.png\",\"width\":919,\"height\":200,\"caption\":\"Metzgerei H\u00e4mmerli\"},\"image\":{\"@id\":\"https:\\\/\\\/www.metzgerei-haemmerli.ch\\\/fr\\\/#\\\/schema\\\/logo\\\/image\\\/\"},\"sameAs\":[\"https:\\\/\\\/www.facebook.com\\\/metzgerei.haemmerli\"]},{\"@type\":\"Person\",\"@id\":\"https:\\\/\\\/www.metzgerei-haemmerli.ch\\\/fr\\\/#\\\/schema\\\/person\\\/a76cea7eda593021f1638f01253641d4\",\"name\":\"Webmaster\",\"image\":{\"@type\":\"ImageObject\",\"inLanguage\":\"fr-FR\",\"@id\":\"https:\\\/\\\/secure.gravatar.com\\\/avatar\\\/649ec591a16dfc07124dcef7052a233ea9e65a9ac4dc337e6c49d42d5887463b?s=96&d=mm&r=g\",\"url\":\"https:\\\/\\\/secure.gravatar.com\\\/avatar\\\/649ec591a16dfc07124dcef7052a233ea9e65a9ac4dc337e6c49d42d5887463b?s=96&d=mm&r=g\",\"contentUrl\":\"https:\\\/\\\/secure.gravatar.com\\\/avatar\\\/649ec591a16dfc07124dcef7052a233ea9e65a9ac4dc337e6c49d42d5887463b?s=96&d=mm&r=g\",\"caption\":\"Webmaster\"},\"sameAs\":[\"https:\\\/\\\/www.metzgerei-haemmerli.ch\"]}]}<\/script>\n<!-- \/ Yoast SEO plugin. -->","yoast_head_json":{"title":"Filet de veau en manteau d\u2019oranges et de geni\u00e8vre et \u00e0 la sauce \u00e9chalotes-vin rouge - Metzgerei H\u00e4mmerli","robots":{"index":"index","follow":"follow","max-snippet":"max-snippet:-1","max-image-preview":"max-image-preview:large","max-video-preview":"max-video-preview:-1"},"canonical":"https:\/\/www.metzgerei-haemmerli.ch\/fr\/recettes\/veau\/filet-de-veau-en-manteau-doranges-et-de-genievre-et-a-la-sauce-echalotes-vin-rouge\/","og_locale":"fr_FR","og_type":"article","og_title":"Filet de veau en manteau d\u2019oranges et de geni\u00e8vre et \u00e0 la sauce \u00e9chalotes-vin rouge - Metzgerei H\u00e4mmerli","og_description":"4 portionsIngr\u00e9dients: 800g filet de veau suisse Sel et poivre du moulin 3 cs huile d\u2019olive 1 grosse Orange 1 cs baies de geni\u00e8vre 250g \u00e9chalotes 1 branche thym 3 dl vin rouge sec 30g beurre froid Pr\u00e9paration: Saler et poivrer le filet de veau. Bien saisir la viande de tous c\u00f4t\u00e9s dans l\u2019huile d\u2019olive [&hellip;]","og_url":"https:\/\/www.metzgerei-haemmerli.ch\/fr\/recettes\/veau\/filet-de-veau-en-manteau-doranges-et-de-genievre-et-a-la-sauce-echalotes-vin-rouge\/","og_site_name":"Metzgerei H\u00e4mmerli","article_publisher":"https:\/\/www.facebook.com\/metzgerei.haemmerli","article_published_time":"2022-10-12T15:32:51+00:00","article_modified_time":"2025-11-20T11:20:57+00:00","og_image":[{"width":260,"height":160,"url":"https:\/\/www.metzgerei-haemmerli.ch\/wp-content\/uploads\/Kalbsnierstueck-im-Orangen-Wachholder.jpg","type":"image\/jpeg"}],"author":"Webmaster","twitter_card":"summary_large_image","twitter_misc":{"\u00c9crit par":"Webmaster","Dur\u00e9e de lecture estim\u00e9e":"2 minutes"},"schema":{"@context":"https:\/\/schema.org","@graph":[{"@type":"Article","@id":"https:\/\/www.metzgerei-haemmerli.ch\/fr\/recettes\/veau\/filet-de-veau-en-manteau-doranges-et-de-genievre-et-a-la-sauce-echalotes-vin-rouge\/#article","isPartOf":{"@id":"https:\/\/www.metzgerei-haemmerli.ch\/fr\/recettes\/veau\/filet-de-veau-en-manteau-doranges-et-de-genievre-et-a-la-sauce-echalotes-vin-rouge\/"},"author":{"name":"Webmaster","@id":"https:\/\/www.metzgerei-haemmerli.ch\/fr\/#\/schema\/person\/a76cea7eda593021f1638f01253641d4"},"headline":"Filet de veau en manteau d\u2019oranges et de geni\u00e8vre et \u00e0 la sauce \u00e9chalotes-vin rouge","datePublished":"2022-10-12T15:32:51+00:00","dateModified":"2025-11-20T11:20:57+00:00","mainEntityOfPage":{"@id":"https:\/\/www.metzgerei-haemmerli.ch\/fr\/recettes\/veau\/filet-de-veau-en-manteau-doranges-et-de-genievre-et-a-la-sauce-echalotes-vin-rouge\/"},"wordCount":275,"publisher":{"@id":"https:\/\/www.metzgerei-haemmerli.ch\/fr\/#organization"},"image":{"@id":"https:\/\/www.metzgerei-haemmerli.ch\/fr\/recettes\/veau\/filet-de-veau-en-manteau-doranges-et-de-genievre-et-a-la-sauce-echalotes-vin-rouge\/#primaryimage"},"thumbnailUrl":"https:\/\/www.metzgerei-haemmerli.ch\/wp-content\/uploads\/Kalbsnierstueck-im-Orangen-Wachholder.jpg","articleSection":["Recettes","Veau"],"inLanguage":"fr-FR"},{"@type":"WebPage","@id":"https:\/\/www.metzgerei-haemmerli.ch\/fr\/recettes\/veau\/filet-de-veau-en-manteau-doranges-et-de-genievre-et-a-la-sauce-echalotes-vin-rouge\/","url":"https:\/\/www.metzgerei-haemmerli.ch\/fr\/recettes\/veau\/filet-de-veau-en-manteau-doranges-et-de-genievre-et-a-la-sauce-echalotes-vin-rouge\/","name":"Filet de veau en manteau d\u2019oranges et de geni\u00e8vre et \u00e0 la sauce \u00e9chalotes-vin rouge - Metzgerei H\u00e4mmerli","isPartOf":{"@id":"https:\/\/www.metzgerei-haemmerli.ch\/fr\/#website"},"primaryImageOfPage":{"@id":"https:\/\/www.metzgerei-haemmerli.ch\/fr\/recettes\/veau\/filet-de-veau-en-manteau-doranges-et-de-genievre-et-a-la-sauce-echalotes-vin-rouge\/#primaryimage"},"image":{"@id":"https:\/\/www.metzgerei-haemmerli.ch\/fr\/recettes\/veau\/filet-de-veau-en-manteau-doranges-et-de-genievre-et-a-la-sauce-echalotes-vin-rouge\/#primaryimage"},"thumbnailUrl":"https:\/\/www.metzgerei-haemmerli.ch\/wp-content\/uploads\/Kalbsnierstueck-im-Orangen-Wachholder.jpg","datePublished":"2022-10-12T15:32:51+00:00","dateModified":"2025-11-20T11:20:57+00:00","breadcrumb":{"@id":"https:\/\/www.metzgerei-haemmerli.ch\/fr\/recettes\/veau\/filet-de-veau-en-manteau-doranges-et-de-genievre-et-a-la-sauce-echalotes-vin-rouge\/#breadcrumb"},"inLanguage":"fr-FR","potentialAction":[{"@type":"ReadAction","target":["https:\/\/www.metzgerei-haemmerli.ch\/fr\/recettes\/veau\/filet-de-veau-en-manteau-doranges-et-de-genievre-et-a-la-sauce-echalotes-vin-rouge\/"]}]},{"@type":"ImageObject","inLanguage":"fr-FR","@id":"https:\/\/www.metzgerei-haemmerli.ch\/fr\/recettes\/veau\/filet-de-veau-en-manteau-doranges-et-de-genievre-et-a-la-sauce-echalotes-vin-rouge\/#primaryimage","url":"https:\/\/www.metzgerei-haemmerli.ch\/wp-content\/uploads\/Kalbsnierstueck-im-Orangen-Wachholder.jpg","contentUrl":"https:\/\/www.metzgerei-haemmerli.ch\/wp-content\/uploads\/Kalbsnierstueck-im-Orangen-Wachholder.jpg","width":260,"height":160,"caption":"Kalbsnierstueck-im-Orangen-Wachholder"},{"@type":"BreadcrumbList","@id":"https:\/\/www.metzgerei-haemmerli.ch\/fr\/recettes\/veau\/filet-de-veau-en-manteau-doranges-et-de-genievre-et-a-la-sauce-echalotes-vin-rouge\/#breadcrumb","itemListElement":[{"@type":"ListItem","position":1,"name":"Home","item":"https:\/\/www.metzgerei-haemmerli.ch\/fr\/"},{"@type":"ListItem","position":2,"name":"Filet de veau en manteau d\u2019oranges et de geni\u00e8vre et \u00e0 la sauce \u00e9chalotes-vin rouge"}]},{"@type":"WebSite","@id":"https:\/\/www.metzgerei-haemmerli.ch\/fr\/#website","url":"https:\/\/www.metzgerei-haemmerli.ch\/fr\/","name":"Metzgerei H\u00e4mmerli","description":"Ihr Fachmann f\u00fcr guten Geschmack","publisher":{"@id":"https:\/\/www.metzgerei-haemmerli.ch\/fr\/#organization"},"potentialAction":[{"@type":"SearchAction","target":{"@type":"EntryPoint","urlTemplate":"https:\/\/www.metzgerei-haemmerli.ch\/fr\/?s={search_term_string}"},"query-input":{"@type":"PropertyValueSpecification","valueRequired":true,"valueName":"search_term_string"}}],"inLanguage":"fr-FR"},{"@type":"Organization","@id":"https:\/\/www.metzgerei-haemmerli.ch\/fr\/#organization","name":"Metzgerei H\u00e4mmerli","url":"https:\/\/www.metzgerei-haemmerli.ch\/fr\/","logo":{"@type":"ImageObject","inLanguage":"fr-FR","@id":"https:\/\/www.metzgerei-haemmerli.ch\/fr\/#\/schema\/logo\/image\/","url":"https:\/\/www.metzgerei-haemmerli.ch\/wp-content\/uploads\/hammerli_logo_rosso_h200.png","contentUrl":"https:\/\/www.metzgerei-haemmerli.ch\/wp-content\/uploads\/hammerli_logo_rosso_h200.png","width":919,"height":200,"caption":"Metzgerei H\u00e4mmerli"},"image":{"@id":"https:\/\/www.metzgerei-haemmerli.ch\/fr\/#\/schema\/logo\/image\/"},"sameAs":["https:\/\/www.facebook.com\/metzgerei.haemmerli"]},{"@type":"Person","@id":"https:\/\/www.metzgerei-haemmerli.ch\/fr\/#\/schema\/person\/a76cea7eda593021f1638f01253641d4","name":"Webmaster","image":{"@type":"ImageObject","inLanguage":"fr-FR","@id":"https:\/\/secure.gravatar.com\/avatar\/649ec591a16dfc07124dcef7052a233ea9e65a9ac4dc337e6c49d42d5887463b?s=96&d=mm&r=g","url":"https:\/\/secure.gravatar.com\/avatar\/649ec591a16dfc07124dcef7052a233ea9e65a9ac4dc337e6c49d42d5887463b?s=96&d=mm&r=g","contentUrl":"https:\/\/secure.gravatar.com\/avatar\/649ec591a16dfc07124dcef7052a233ea9e65a9ac4dc337e6c49d42d5887463b?s=96&d=mm&r=g","caption":"Webmaster"},"sameAs":["https:\/\/www.metzgerei-haemmerli.ch"]}]}},"_links":{"self":[{"href":"https:\/\/www.metzgerei-haemmerli.ch\/fr\/wp-json\/wp\/v2\/posts\/5890","targetHints":{"allow":["GET"]}}],"collection":[{"href":"https:\/\/www.metzgerei-haemmerli.ch\/fr\/wp-json\/wp\/v2\/posts"}],"about":[{"href":"https:\/\/www.metzgerei-haemmerli.ch\/fr\/wp-json\/wp\/v2\/types\/post"}],"author":[{"embeddable":true,"href":"https:\/\/www.metzgerei-haemmerli.ch\/fr\/wp-json\/wp\/v2\/users\/1"}],"replies":[{"embeddable":true,"href":"https:\/\/www.metzgerei-haemmerli.ch\/fr\/wp-json\/wp\/v2\/comments?post=5890"}],"version-history":[{"count":7,"href":"https:\/\/www.metzgerei-haemmerli.ch\/fr\/wp-json\/wp\/v2\/posts\/5890\/revisions"}],"predecessor-version":[{"id":5898,"href":"https:\/\/www.metzgerei-haemmerli.ch\/fr\/wp-json\/wp\/v2\/posts\/5890\/revisions\/5898"}],"wp:featuredmedia":[{"embeddable":true,"href":"https:\/\/www.metzgerei-haemmerli.ch\/fr\/wp-json\/wp\/v2\/media\/4500"}],"wp:attachment":[{"href":"https:\/\/www.metzgerei-haemmerli.ch\/fr\/wp-json\/wp\/v2\/media?parent=5890"}],"wp:term":[{"taxonomy":"category","embeddable":true,"href":"https:\/\/www.metzgerei-haemmerli.ch\/fr\/wp-json\/wp\/v2\/categories?post=5890"},{"taxonomy":"post_tag","embeddable":true,"href":"https:\/\/www.metzgerei-haemmerli.ch\/fr\/wp-json\/wp\/v2\/tags?post=5890"}],"curies":[{"name":"wp","href":"https:\/\/api.w.org\/{rel}","templated":true}]}}