{"id":5881,"date":"2022-10-12T17:36:55","date_gmt":"2022-10-12T15:36:55","guid":{"rendered":"https:\/\/www.metzgerei-haemmerli.ch\/non-classifiee\/szegediner-gulasch-mit-rinds-und-schweinefleisch\/"},"modified":"2025-11-20T12:20:40","modified_gmt":"2025-11-20T11:20:40","slug":"goulasch-de-szeged-au-boeuf-et-au-porc","status":"publish","type":"post","link":"https:\/\/www.metzgerei-haemmerli.ch\/fr\/recettes\/porc\/goulasch-de-szeged-au-boeuf-et-au-porc\/","title":{"rendered":"Goulasch de Szeged au boeuf et au porc"},"content":{"rendered":"\t\t<div data-elementor-type=\"wp-post\" data-elementor-id=\"5881\" class=\"elementor elementor-5881 elementor-4510\">\n\t\t\t\t\t\t<section class=\"elementor-section elementor-top-section elementor-element elementor-element-1d28989b elementor-section-boxed elementor-section-height-default elementor-section-height-default\" data-id=\"1d28989b\" data-element_type=\"section\" data-e-type=\"section\">\n\t\t\t\t\t\t<div class=\"elementor-container elementor-column-gap-default\">\n\t\t\t\t\t<div class=\"elementor-column elementor-col-100 elementor-top-column elementor-element elementor-element-74ea9de\" data-id=\"74ea9de\" data-element_type=\"column\" data-e-type=\"column\">\n\t\t\t<div class=\"elementor-widget-wrap elementor-element-populated\">\n\t\t\t\t\t\t<div class=\"elementor-element elementor-element-01d73ab elementor-hidden-desktop elementor-hidden-tablet elementor-widget elementor-widget-image\" data-id=\"01d73ab\" data-element_type=\"widget\" data-e-type=\"widget\" data-widget_type=\"image.default\">\n\t\t\t\t<div class=\"elementor-widget-container\">\n\t\t\t\t\t\t\t\t\t\t\t\t\t\t\t<img decoding=\"async\" width=\"260\" height=\"160\" src=\"https:\/\/www.metzgerei-haemmerli.ch\/wp-content\/uploads\/Szegediner-Gulasch.jpg\" class=\"attachment-full size-full wp-image-4512\" alt=\"Szegediner-Gulasch\" \/>\t\t\t\t\t\t\t\t\t\t\t\t\t\t\t<\/div>\n\t\t\t\t<\/div>\n\t\t\t\t<section class=\"elementor-section elementor-inner-section elementor-element elementor-element-ebea3ad elementor-section-boxed elementor-section-height-default elementor-section-height-default\" data-id=\"ebea3ad\" data-element_type=\"section\" data-e-type=\"section\">\n\t\t\t\t\t\t<div class=\"elementor-container elementor-column-gap-no\">\n\t\t\t\t\t<div class=\"elementor-column elementor-col-50 elementor-inner-column elementor-element elementor-element-ab15e5f\" data-id=\"ab15e5f\" data-element_type=\"column\" data-e-type=\"column\">\n\t\t\t<div class=\"elementor-widget-wrap elementor-element-populated\">\n\t\t\t\t\t\t<div class=\"elementor-element elementor-element-128ccdbb elementor-widget elementor-widget-text-editor\" data-id=\"128ccdbb\" data-element_type=\"widget\" data-e-type=\"widget\" data-widget_type=\"text-editor.default\">\n\t\t\t\t<div class=\"elementor-widget-container\">\n\t\t\t\t\t\t\t\t\t<p>4 portions<\/p>\t\t\t\t\t\t\t\t<\/div>\n\t\t\t\t<\/div>\n\t\t\t\t<div class=\"elementor-element elementor-element-34be77c elementor-widget elementor-widget-text-editor\" data-id=\"34be77c\" data-element_type=\"widget\" data-e-type=\"widget\" data-widget_type=\"text-editor.default\">\n\t\t\t\t<div class=\"elementor-widget-container\">\n\t\t\t\t\t\t\t\t\tIngr\u00e9dients:\t\t\t\t\t\t\t\t<\/div>\n\t\t\t\t<\/div>\n\t\t\t\t<div class=\"elementor-element elementor-element-429b882 elementor-widget elementor-widget-text-editor\" data-id=\"429b882\" data-element_type=\"widget\" data-e-type=\"widget\" data-widget_type=\"text-editor.default\">\n\t\t\t\t<div class=\"elementor-widget-container\">\n\t\t\t\t\t\t\t\t\t<ul><li>400g Ragout de porc suisse<\/li><li>400g Ragout de boeuf suisse<\/li><li>2 Oignons<\/li><li>3 cs Huile de tournesol HO ou huile de colza HOLL*<\/li><li>3-4 cc Paprika en poudre<\/li><li>3 dl Bouillon<\/li><li>3 Feuilles de laurier<\/li><li>500g Choucroute<\/li><li>Sel et poivre du moulin<\/li><li>Sucre<\/li><li>1 gobelet Cr\u00e8me acidul\u00e9e<\/li><\/ul><p>*Diese hitzestabilen \u00d6le sind ideal zum Hocherhitzen<\/p>\t\t\t\t\t\t\t\t<\/div>\n\t\t\t\t<\/div>\n\t\t\t\t\t<\/div>\n\t\t<\/div>\n\t\t\t\t<div class=\"elementor-column elementor-col-50 elementor-inner-column elementor-element elementor-element-bab3917\" data-id=\"bab3917\" data-element_type=\"column\" data-e-type=\"column\">\n\t\t\t<div class=\"elementor-widget-wrap elementor-element-populated\">\n\t\t\t\t\t\t<div class=\"elementor-element elementor-element-699237f elementor-hidden-mobile elementor-widget elementor-widget-image\" data-id=\"699237f\" data-element_type=\"widget\" data-e-type=\"widget\" data-widget_type=\"image.default\">\n\t\t\t\t<div class=\"elementor-widget-container\">\n\t\t\t\t\t\t\t\t\t\t\t\t\t\t\t<img decoding=\"async\" width=\"260\" height=\"160\" src=\"https:\/\/www.metzgerei-haemmerli.ch\/wp-content\/uploads\/Szegediner-Gulasch.jpg\" class=\"attachment-full size-full wp-image-4512\" alt=\"Szegediner-Gulasch\" \/>\t\t\t\t\t\t\t\t\t\t\t\t\t\t\t<\/div>\n\t\t\t\t<\/div>\n\t\t\t\t\t<\/div>\n\t\t<\/div>\n\t\t\t\t\t<\/div>\n\t\t<\/section>\n\t\t\t\t<div class=\"elementor-element elementor-element-3623252 elementor-widget elementor-widget-spacer\" data-id=\"3623252\" data-element_type=\"widget\" data-e-type=\"widget\" data-widget_type=\"spacer.default\">\n\t\t\t\t<div class=\"elementor-widget-container\">\n\t\t\t\t\t\t\t<div class=\"elementor-spacer\">\n\t\t\t<div class=\"elementor-spacer-inner\"><\/div>\n\t\t<\/div>\n\t\t\t\t\t\t<\/div>\n\t\t\t\t<\/div>\n\t\t\t\t<div class=\"elementor-element elementor-element-80e0c39 elementor-widget elementor-widget-text-editor\" data-id=\"80e0c39\" data-element_type=\"widget\" data-e-type=\"widget\" data-widget_type=\"text-editor.default\">\n\t\t\t\t<div class=\"elementor-widget-container\">\n\t\t\t\t\t\t\t\t\tPr\u00e9paration:\t\t\t\t\t\t\t\t<\/div>\n\t\t\t\t<\/div>\n\t\t\t\t<div class=\"elementor-element elementor-element-3e9d74a elementor-widget elementor-widget-text-editor\" data-id=\"3e9d74a\" data-element_type=\"widget\" data-e-type=\"widget\" data-widget_type=\"text-editor.default\">\n\t\t\t\t<div class=\"elementor-widget-container\">\n\t\t\t\t\t\t\t\t\t<ol><li>Sortir la viande du r\u00e9frig\u00e9rateur env. 1 heure avant de la pr\u00e9parer.<\/li><li>Peler les oignons, les couper en deux puis en lamelles.<\/li><li>Dans une sauteuse, bien faire chauffer l\u2019huile \u00e0 feu vif. Ajouter la viande par portions et la saisir de tous c\u00f4t\u00e9s. Ramener la temp\u00e9rature \u00e0 feu moyen, ajouter les oignons et les faire blondir.<\/li><li>Ajouter le paprika en poudre, m\u00e9langer et faire suer quelques instants. Ajouter le bouillon et les feuilles de laurier, fermer et laisser mijoter tout doucement.<\/li><li>Au bout d\u20191 heure environ, ajouter la choucroute puis assaisonner de sel, de poivre et de sucre. Poursuivre la cuisson durant 60 minutes, jusqu\u2019\u00e0 ce que la viande et la choucroute soient tendres.<\/li><li>Verser la cr\u00e8me acidul\u00e9e, m\u00e9langer, faire chauffer bri\u00e8vement et servir.<\/li><\/ol>\t\t\t\t\t\t\t\t<\/div>\n\t\t\t\t<\/div>\n\t\t\t\t<div class=\"elementor-element elementor-element-204549d elementor-widget elementor-widget-text-editor\" data-id=\"204549d\" data-element_type=\"widget\" data-e-type=\"widget\" data-widget_type=\"text-editor.default\">\n\t\t\t\t<div class=\"elementor-widget-container\">\n\t\t\t\t\t\t\t\t\tGarnitures:\t\t\t\t\t\t\t\t<\/div>\n\t\t\t\t<\/div>\n\t\t\t\t<div class=\"elementor-element elementor-element-f91b504 elementor-widget elementor-widget-text-editor\" data-id=\"f91b504\" data-element_type=\"widget\" data-e-type=\"widget\" data-widget_type=\"text-editor.default\">\n\t\t\t\t<div class=\"elementor-widget-container\">\n\t\t\t\t\t\t\t\t\t<p>Accompagner de pommes de terre.<\/p>\t\t\t\t\t\t\t\t<\/div>\n\t\t\t\t<\/div>\n\t\t\t\t<div class=\"elementor-element elementor-element-372b048 elementor-widget-divider--view-line elementor-widget elementor-widget-divider\" data-id=\"372b048\" data-element_type=\"widget\" data-e-type=\"widget\" data-widget_type=\"divider.default\">\n\t\t\t\t<div class=\"elementor-widget-container\">\n\t\t\t\t\t\t\t<div class=\"elementor-divider\">\n\t\t\t<span class=\"elementor-divider-separator\">\n\t\t\t\t\t\t<\/span>\n\t\t<\/div>\n\t\t\t\t\t\t<\/div>\n\t\t\t\t<\/div>\n\t\t\t\t<div class=\"elementor-element elementor-element-282c3ac elementor-widget elementor-widget-text-editor\" data-id=\"282c3ac\" data-element_type=\"widget\" data-e-type=\"widget\" data-widget_type=\"text-editor.default\">\n\t\t\t\t<div class=\"elementor-widget-container\">\n\t\t\t\t\t\t\t\t\tValeurs nutritives:\t\t\t\t\t\t\t\t<\/div>\n\t\t\t\t<\/div>\n\t\t\t\t<div class=\"elementor-element elementor-element-83e70f3 elementor-widget elementor-widget-text-editor\" data-id=\"83e70f3\" data-element_type=\"widget\" data-e-type=\"widget\" data-widget_type=\"text-editor.default\">\n\t\t\t\t<div class=\"elementor-widget-container\">\n\t\t\t\t\t\t\t\t\t<p>Une portion contient:<\/p><ul><li>580 kcal<\/li><li>49 g Prot\u00e9ines<\/li><li>7 g Glucides<\/li><li>37 g Lipides<br \/><br \/>(sans les pommes de terre)<\/li><\/ul>\t\t\t\t\t\t\t\t<\/div>\n\t\t\t\t<\/div>\n\t\t\t\t<div class=\"elementor-element elementor-element-be34385 elementor-widget-divider--view-line elementor-widget elementor-widget-divider\" data-id=\"be34385\" data-element_type=\"widget\" data-e-type=\"widget\" data-widget_type=\"divider.default\">\n\t\t\t\t<div class=\"elementor-widget-container\">\n\t\t\t\t\t\t\t<div class=\"elementor-divider\">\n\t\t\t<span class=\"elementor-divider-separator\">\n\t\t\t\t\t\t<\/span>\n\t\t<\/div>\n\t\t\t\t\t\t<\/div>\n\t\t\t\t<\/div>\n\t\t\t\t<div class=\"elementor-element elementor-element-887b5bd elementor-widget elementor-widget-text-editor\" data-id=\"887b5bd\" data-element_type=\"widget\" data-e-type=\"widget\" data-widget_type=\"text-editor.default\">\n\t\t\t\t<div class=\"elementor-widget-container\">\n\t\t\t\t\t\t\t\t\t<p><i>Source:\u00a0<\/i><a href=\"https:\/\/www.schweizerfleisch.ch\" target=\"_blank\" rel=\"noopener\">www.schweizerfleisch.ch<\/a><\/p>\t\t\t\t\t\t\t\t<\/div>\n\t\t\t\t<\/div>\n\t\t\t\t\t<\/div>\n\t\t<\/div>\n\t\t\t\t\t<\/div>\n\t\t<\/section>\n\t\t\t\t<\/div>\n\t\t","protected":false},"excerpt":{"rendered":"<p>4 portions Ingr\u00e9dients: 400g Ragout de porc suisse 400g Ragout de boeuf suisse 2 Oignons 3 cs Huile de tournesol HO ou huile de colza HOLL* 3-4 cc Paprika en poudre 3 dl Bouillon 3 Feuilles de laurier 500g Choucroute Sel et poivre du moulin Sucre 1 gobelet Cr\u00e8me acidul\u00e9e *Diese hitzestabilen \u00d6le sind ideal [&hellip;]<\/p>\n","protected":false},"author":1,"featured_media":4512,"comment_status":"closed","ping_status":"closed","sticky":false,"template":"","format":"standard","meta":{"footnotes":""},"categories":[59,56,62],"tags":[],"class_list":["post-5881","post","type-post","status-publish","format-standard","has-post-thumbnail","hentry","category-porc","category-recettes","category-veau"],"yoast_head":"<!-- This site is optimized with the Yoast SEO plugin v27.3 - https:\/\/yoast.com\/product\/yoast-seo-wordpress\/ -->\n<title>Goulasch de Szeged au boeuf et au porc - Metzgerei H\u00e4mmerli<\/title>\n<meta name=\"robots\" content=\"index, follow, max-snippet:-1, max-image-preview:large, max-video-preview:-1\" \/>\n<link rel=\"canonical\" href=\"https:\/\/www.metzgerei-haemmerli.ch\/fr\/recettes\/porc\/goulasch-de-szeged-au-boeuf-et-au-porc\/\" \/>\n<meta property=\"og:locale\" content=\"fr_FR\" \/>\n<meta property=\"og:type\" content=\"article\" \/>\n<meta property=\"og:title\" content=\"Goulasch de Szeged au boeuf et au porc - Metzgerei H\u00e4mmerli\" \/>\n<meta property=\"og:description\" content=\"4 portions Ingr\u00e9dients: 400g Ragout de porc suisse 400g Ragout de boeuf suisse 2 Oignons 3 cs Huile de tournesol HO ou huile de colza HOLL* 3-4 cc Paprika en poudre 3 dl Bouillon 3 Feuilles de laurier 500g Choucroute Sel et poivre du moulin Sucre 1 gobelet Cr\u00e8me acidul\u00e9e *Diese hitzestabilen \u00d6le sind ideal [&hellip;]\" \/>\n<meta property=\"og:url\" content=\"https:\/\/www.metzgerei-haemmerli.ch\/fr\/recettes\/porc\/goulasch-de-szeged-au-boeuf-et-au-porc\/\" \/>\n<meta property=\"og:site_name\" content=\"Metzgerei H\u00e4mmerli\" \/>\n<meta property=\"article:publisher\" content=\"https:\/\/www.facebook.com\/metzgerei.haemmerli\" \/>\n<meta property=\"article:published_time\" content=\"2022-10-12T15:36:55+00:00\" \/>\n<meta property=\"article:modified_time\" content=\"2025-11-20T11:20:40+00:00\" \/>\n<meta property=\"og:image\" content=\"https:\/\/www.metzgerei-haemmerli.ch\/wp-content\/uploads\/Szegediner-Gulasch.jpg\" \/>\n\t<meta property=\"og:image:width\" content=\"260\" \/>\n\t<meta property=\"og:image:height\" content=\"160\" \/>\n\t<meta property=\"og:image:type\" content=\"image\/jpeg\" \/>\n<meta name=\"author\" content=\"Webmaster\" \/>\n<meta name=\"twitter:card\" content=\"summary_large_image\" \/>\n<meta name=\"twitter:label1\" content=\"\u00c9crit par\" \/>\n\t<meta name=\"twitter:data1\" content=\"Webmaster\" \/>\n\t<meta name=\"twitter:label2\" content=\"Dur\u00e9e de lecture estim\u00e9e\" \/>\n\t<meta name=\"twitter:data2\" content=\"2 minutes\" \/>\n<script type=\"application\/ld+json\" class=\"yoast-schema-graph\">{\"@context\":\"https:\\\/\\\/schema.org\",\"@graph\":[{\"@type\":\"Article\",\"@id\":\"https:\\\/\\\/www.metzgerei-haemmerli.ch\\\/fr\\\/recettes\\\/porc\\\/goulasch-de-szeged-au-boeuf-et-au-porc\\\/#article\",\"isPartOf\":{\"@id\":\"https:\\\/\\\/www.metzgerei-haemmerli.ch\\\/fr\\\/recettes\\\/porc\\\/goulasch-de-szeged-au-boeuf-et-au-porc\\\/\"},\"author\":{\"name\":\"Webmaster\",\"@id\":\"https:\\\/\\\/www.metzgerei-haemmerli.ch\\\/fr\\\/#\\\/schema\\\/person\\\/a76cea7eda593021f1638f01253641d4\"},\"headline\":\"Goulasch de Szeged au boeuf et au porc\",\"datePublished\":\"2022-10-12T15:36:55+00:00\",\"dateModified\":\"2025-11-20T11:20:40+00:00\",\"mainEntityOfPage\":{\"@id\":\"https:\\\/\\\/www.metzgerei-haemmerli.ch\\\/fr\\\/recettes\\\/porc\\\/goulasch-de-szeged-au-boeuf-et-au-porc\\\/\"},\"wordCount\":223,\"publisher\":{\"@id\":\"https:\\\/\\\/www.metzgerei-haemmerli.ch\\\/fr\\\/#organization\"},\"image\":{\"@id\":\"https:\\\/\\\/www.metzgerei-haemmerli.ch\\\/fr\\\/recettes\\\/porc\\\/goulasch-de-szeged-au-boeuf-et-au-porc\\\/#primaryimage\"},\"thumbnailUrl\":\"https:\\\/\\\/www.metzgerei-haemmerli.ch\\\/wp-content\\\/uploads\\\/Szegediner-Gulasch.jpg\",\"articleSection\":[\"Porc\",\"Recettes\",\"Veau\"],\"inLanguage\":\"fr-FR\"},{\"@type\":\"WebPage\",\"@id\":\"https:\\\/\\\/www.metzgerei-haemmerli.ch\\\/fr\\\/recettes\\\/porc\\\/goulasch-de-szeged-au-boeuf-et-au-porc\\\/\",\"url\":\"https:\\\/\\\/www.metzgerei-haemmerli.ch\\\/fr\\\/recettes\\\/porc\\\/goulasch-de-szeged-au-boeuf-et-au-porc\\\/\",\"name\":\"Goulasch de Szeged au boeuf et au porc - Metzgerei H\u00e4mmerli\",\"isPartOf\":{\"@id\":\"https:\\\/\\\/www.metzgerei-haemmerli.ch\\\/fr\\\/#website\"},\"primaryImageOfPage\":{\"@id\":\"https:\\\/\\\/www.metzgerei-haemmerli.ch\\\/fr\\\/recettes\\\/porc\\\/goulasch-de-szeged-au-boeuf-et-au-porc\\\/#primaryimage\"},\"image\":{\"@id\":\"https:\\\/\\\/www.metzgerei-haemmerli.ch\\\/fr\\\/recettes\\\/porc\\\/goulasch-de-szeged-au-boeuf-et-au-porc\\\/#primaryimage\"},\"thumbnailUrl\":\"https:\\\/\\\/www.metzgerei-haemmerli.ch\\\/wp-content\\\/uploads\\\/Szegediner-Gulasch.jpg\",\"datePublished\":\"2022-10-12T15:36:55+00:00\",\"dateModified\":\"2025-11-20T11:20:40+00:00\",\"breadcrumb\":{\"@id\":\"https:\\\/\\\/www.metzgerei-haemmerli.ch\\\/fr\\\/recettes\\\/porc\\\/goulasch-de-szeged-au-boeuf-et-au-porc\\\/#breadcrumb\"},\"inLanguage\":\"fr-FR\",\"potentialAction\":[{\"@type\":\"ReadAction\",\"target\":[\"https:\\\/\\\/www.metzgerei-haemmerli.ch\\\/fr\\\/recettes\\\/porc\\\/goulasch-de-szeged-au-boeuf-et-au-porc\\\/\"]}]},{\"@type\":\"ImageObject\",\"inLanguage\":\"fr-FR\",\"@id\":\"https:\\\/\\\/www.metzgerei-haemmerli.ch\\\/fr\\\/recettes\\\/porc\\\/goulasch-de-szeged-au-boeuf-et-au-porc\\\/#primaryimage\",\"url\":\"https:\\\/\\\/www.metzgerei-haemmerli.ch\\\/wp-content\\\/uploads\\\/Szegediner-Gulasch.jpg\",\"contentUrl\":\"https:\\\/\\\/www.metzgerei-haemmerli.ch\\\/wp-content\\\/uploads\\\/Szegediner-Gulasch.jpg\",\"width\":260,\"height\":160,\"caption\":\"Szegediner-Gulasch\"},{\"@type\":\"BreadcrumbList\",\"@id\":\"https:\\\/\\\/www.metzgerei-haemmerli.ch\\\/fr\\\/recettes\\\/porc\\\/goulasch-de-szeged-au-boeuf-et-au-porc\\\/#breadcrumb\",\"itemListElement\":[{\"@type\":\"ListItem\",\"position\":1,\"name\":\"Home\",\"item\":\"https:\\\/\\\/www.metzgerei-haemmerli.ch\\\/fr\\\/\"},{\"@type\":\"ListItem\",\"position\":2,\"name\":\"Goulasch de Szeged au boeuf et au porc\"}]},{\"@type\":\"WebSite\",\"@id\":\"https:\\\/\\\/www.metzgerei-haemmerli.ch\\\/fr\\\/#website\",\"url\":\"https:\\\/\\\/www.metzgerei-haemmerli.ch\\\/fr\\\/\",\"name\":\"Metzgerei H\u00e4mmerli\",\"description\":\"Ihr Fachmann f\u00fcr guten Geschmack\",\"publisher\":{\"@id\":\"https:\\\/\\\/www.metzgerei-haemmerli.ch\\\/fr\\\/#organization\"},\"potentialAction\":[{\"@type\":\"SearchAction\",\"target\":{\"@type\":\"EntryPoint\",\"urlTemplate\":\"https:\\\/\\\/www.metzgerei-haemmerli.ch\\\/fr\\\/?s={search_term_string}\"},\"query-input\":{\"@type\":\"PropertyValueSpecification\",\"valueRequired\":true,\"valueName\":\"search_term_string\"}}],\"inLanguage\":\"fr-FR\"},{\"@type\":\"Organization\",\"@id\":\"https:\\\/\\\/www.metzgerei-haemmerli.ch\\\/fr\\\/#organization\",\"name\":\"Metzgerei H\u00e4mmerli\",\"url\":\"https:\\\/\\\/www.metzgerei-haemmerli.ch\\\/fr\\\/\",\"logo\":{\"@type\":\"ImageObject\",\"inLanguage\":\"fr-FR\",\"@id\":\"https:\\\/\\\/www.metzgerei-haemmerli.ch\\\/fr\\\/#\\\/schema\\\/logo\\\/image\\\/\",\"url\":\"https:\\\/\\\/www.metzgerei-haemmerli.ch\\\/wp-content\\\/uploads\\\/hammerli_logo_rosso_h200.png\",\"contentUrl\":\"https:\\\/\\\/www.metzgerei-haemmerli.ch\\\/wp-content\\\/uploads\\\/hammerli_logo_rosso_h200.png\",\"width\":919,\"height\":200,\"caption\":\"Metzgerei H\u00e4mmerli\"},\"image\":{\"@id\":\"https:\\\/\\\/www.metzgerei-haemmerli.ch\\\/fr\\\/#\\\/schema\\\/logo\\\/image\\\/\"},\"sameAs\":[\"https:\\\/\\\/www.facebook.com\\\/metzgerei.haemmerli\"]},{\"@type\":\"Person\",\"@id\":\"https:\\\/\\\/www.metzgerei-haemmerli.ch\\\/fr\\\/#\\\/schema\\\/person\\\/a76cea7eda593021f1638f01253641d4\",\"name\":\"Webmaster\",\"image\":{\"@type\":\"ImageObject\",\"inLanguage\":\"fr-FR\",\"@id\":\"https:\\\/\\\/secure.gravatar.com\\\/avatar\\\/649ec591a16dfc07124dcef7052a233ea9e65a9ac4dc337e6c49d42d5887463b?s=96&d=mm&r=g\",\"url\":\"https:\\\/\\\/secure.gravatar.com\\\/avatar\\\/649ec591a16dfc07124dcef7052a233ea9e65a9ac4dc337e6c49d42d5887463b?s=96&d=mm&r=g\",\"contentUrl\":\"https:\\\/\\\/secure.gravatar.com\\\/avatar\\\/649ec591a16dfc07124dcef7052a233ea9e65a9ac4dc337e6c49d42d5887463b?s=96&d=mm&r=g\",\"caption\":\"Webmaster\"},\"sameAs\":[\"https:\\\/\\\/www.metzgerei-haemmerli.ch\"]}]}<\/script>\n<!-- \/ Yoast SEO plugin. -->","yoast_head_json":{"title":"Goulasch de Szeged au boeuf et au porc - Metzgerei H\u00e4mmerli","robots":{"index":"index","follow":"follow","max-snippet":"max-snippet:-1","max-image-preview":"max-image-preview:large","max-video-preview":"max-video-preview:-1"},"canonical":"https:\/\/www.metzgerei-haemmerli.ch\/fr\/recettes\/porc\/goulasch-de-szeged-au-boeuf-et-au-porc\/","og_locale":"fr_FR","og_type":"article","og_title":"Goulasch de Szeged au boeuf et au porc - Metzgerei H\u00e4mmerli","og_description":"4 portions Ingr\u00e9dients: 400g Ragout de porc suisse 400g Ragout de boeuf suisse 2 Oignons 3 cs Huile de tournesol HO ou huile de colza HOLL* 3-4 cc Paprika en poudre 3 dl Bouillon 3 Feuilles de laurier 500g Choucroute Sel et poivre du moulin Sucre 1 gobelet Cr\u00e8me acidul\u00e9e *Diese hitzestabilen \u00d6le sind ideal [&hellip;]","og_url":"https:\/\/www.metzgerei-haemmerli.ch\/fr\/recettes\/porc\/goulasch-de-szeged-au-boeuf-et-au-porc\/","og_site_name":"Metzgerei H\u00e4mmerli","article_publisher":"https:\/\/www.facebook.com\/metzgerei.haemmerli","article_published_time":"2022-10-12T15:36:55+00:00","article_modified_time":"2025-11-20T11:20:40+00:00","og_image":[{"width":260,"height":160,"url":"https:\/\/www.metzgerei-haemmerli.ch\/wp-content\/uploads\/Szegediner-Gulasch.jpg","type":"image\/jpeg"}],"author":"Webmaster","twitter_card":"summary_large_image","twitter_misc":{"\u00c9crit par":"Webmaster","Dur\u00e9e de lecture estim\u00e9e":"2 minutes"},"schema":{"@context":"https:\/\/schema.org","@graph":[{"@type":"Article","@id":"https:\/\/www.metzgerei-haemmerli.ch\/fr\/recettes\/porc\/goulasch-de-szeged-au-boeuf-et-au-porc\/#article","isPartOf":{"@id":"https:\/\/www.metzgerei-haemmerli.ch\/fr\/recettes\/porc\/goulasch-de-szeged-au-boeuf-et-au-porc\/"},"author":{"name":"Webmaster","@id":"https:\/\/www.metzgerei-haemmerli.ch\/fr\/#\/schema\/person\/a76cea7eda593021f1638f01253641d4"},"headline":"Goulasch de Szeged au boeuf et au porc","datePublished":"2022-10-12T15:36:55+00:00","dateModified":"2025-11-20T11:20:40+00:00","mainEntityOfPage":{"@id":"https:\/\/www.metzgerei-haemmerli.ch\/fr\/recettes\/porc\/goulasch-de-szeged-au-boeuf-et-au-porc\/"},"wordCount":223,"publisher":{"@id":"https:\/\/www.metzgerei-haemmerli.ch\/fr\/#organization"},"image":{"@id":"https:\/\/www.metzgerei-haemmerli.ch\/fr\/recettes\/porc\/goulasch-de-szeged-au-boeuf-et-au-porc\/#primaryimage"},"thumbnailUrl":"https:\/\/www.metzgerei-haemmerli.ch\/wp-content\/uploads\/Szegediner-Gulasch.jpg","articleSection":["Porc","Recettes","Veau"],"inLanguage":"fr-FR"},{"@type":"WebPage","@id":"https:\/\/www.metzgerei-haemmerli.ch\/fr\/recettes\/porc\/goulasch-de-szeged-au-boeuf-et-au-porc\/","url":"https:\/\/www.metzgerei-haemmerli.ch\/fr\/recettes\/porc\/goulasch-de-szeged-au-boeuf-et-au-porc\/","name":"Goulasch de Szeged au boeuf et au porc - Metzgerei H\u00e4mmerli","isPartOf":{"@id":"https:\/\/www.metzgerei-haemmerli.ch\/fr\/#website"},"primaryImageOfPage":{"@id":"https:\/\/www.metzgerei-haemmerli.ch\/fr\/recettes\/porc\/goulasch-de-szeged-au-boeuf-et-au-porc\/#primaryimage"},"image":{"@id":"https:\/\/www.metzgerei-haemmerli.ch\/fr\/recettes\/porc\/goulasch-de-szeged-au-boeuf-et-au-porc\/#primaryimage"},"thumbnailUrl":"https:\/\/www.metzgerei-haemmerli.ch\/wp-content\/uploads\/Szegediner-Gulasch.jpg","datePublished":"2022-10-12T15:36:55+00:00","dateModified":"2025-11-20T11:20:40+00:00","breadcrumb":{"@id":"https:\/\/www.metzgerei-haemmerli.ch\/fr\/recettes\/porc\/goulasch-de-szeged-au-boeuf-et-au-porc\/#breadcrumb"},"inLanguage":"fr-FR","potentialAction":[{"@type":"ReadAction","target":["https:\/\/www.metzgerei-haemmerli.ch\/fr\/recettes\/porc\/goulasch-de-szeged-au-boeuf-et-au-porc\/"]}]},{"@type":"ImageObject","inLanguage":"fr-FR","@id":"https:\/\/www.metzgerei-haemmerli.ch\/fr\/recettes\/porc\/goulasch-de-szeged-au-boeuf-et-au-porc\/#primaryimage","url":"https:\/\/www.metzgerei-haemmerli.ch\/wp-content\/uploads\/Szegediner-Gulasch.jpg","contentUrl":"https:\/\/www.metzgerei-haemmerli.ch\/wp-content\/uploads\/Szegediner-Gulasch.jpg","width":260,"height":160,"caption":"Szegediner-Gulasch"},{"@type":"BreadcrumbList","@id":"https:\/\/www.metzgerei-haemmerli.ch\/fr\/recettes\/porc\/goulasch-de-szeged-au-boeuf-et-au-porc\/#breadcrumb","itemListElement":[{"@type":"ListItem","position":1,"name":"Home","item":"https:\/\/www.metzgerei-haemmerli.ch\/fr\/"},{"@type":"ListItem","position":2,"name":"Goulasch de Szeged au boeuf et au porc"}]},{"@type":"WebSite","@id":"https:\/\/www.metzgerei-haemmerli.ch\/fr\/#website","url":"https:\/\/www.metzgerei-haemmerli.ch\/fr\/","name":"Metzgerei H\u00e4mmerli","description":"Ihr Fachmann f\u00fcr guten Geschmack","publisher":{"@id":"https:\/\/www.metzgerei-haemmerli.ch\/fr\/#organization"},"potentialAction":[{"@type":"SearchAction","target":{"@type":"EntryPoint","urlTemplate":"https:\/\/www.metzgerei-haemmerli.ch\/fr\/?s={search_term_string}"},"query-input":{"@type":"PropertyValueSpecification","valueRequired":true,"valueName":"search_term_string"}}],"inLanguage":"fr-FR"},{"@type":"Organization","@id":"https:\/\/www.metzgerei-haemmerli.ch\/fr\/#organization","name":"Metzgerei H\u00e4mmerli","url":"https:\/\/www.metzgerei-haemmerli.ch\/fr\/","logo":{"@type":"ImageObject","inLanguage":"fr-FR","@id":"https:\/\/www.metzgerei-haemmerli.ch\/fr\/#\/schema\/logo\/image\/","url":"https:\/\/www.metzgerei-haemmerli.ch\/wp-content\/uploads\/hammerli_logo_rosso_h200.png","contentUrl":"https:\/\/www.metzgerei-haemmerli.ch\/wp-content\/uploads\/hammerli_logo_rosso_h200.png","width":919,"height":200,"caption":"Metzgerei H\u00e4mmerli"},"image":{"@id":"https:\/\/www.metzgerei-haemmerli.ch\/fr\/#\/schema\/logo\/image\/"},"sameAs":["https:\/\/www.facebook.com\/metzgerei.haemmerli"]},{"@type":"Person","@id":"https:\/\/www.metzgerei-haemmerli.ch\/fr\/#\/schema\/person\/a76cea7eda593021f1638f01253641d4","name":"Webmaster","image":{"@type":"ImageObject","inLanguage":"fr-FR","@id":"https:\/\/secure.gravatar.com\/avatar\/649ec591a16dfc07124dcef7052a233ea9e65a9ac4dc337e6c49d42d5887463b?s=96&d=mm&r=g","url":"https:\/\/secure.gravatar.com\/avatar\/649ec591a16dfc07124dcef7052a233ea9e65a9ac4dc337e6c49d42d5887463b?s=96&d=mm&r=g","contentUrl":"https:\/\/secure.gravatar.com\/avatar\/649ec591a16dfc07124dcef7052a233ea9e65a9ac4dc337e6c49d42d5887463b?s=96&d=mm&r=g","caption":"Webmaster"},"sameAs":["https:\/\/www.metzgerei-haemmerli.ch"]}]}},"_links":{"self":[{"href":"https:\/\/www.metzgerei-haemmerli.ch\/fr\/wp-json\/wp\/v2\/posts\/5881","targetHints":{"allow":["GET"]}}],"collection":[{"href":"https:\/\/www.metzgerei-haemmerli.ch\/fr\/wp-json\/wp\/v2\/posts"}],"about":[{"href":"https:\/\/www.metzgerei-haemmerli.ch\/fr\/wp-json\/wp\/v2\/types\/post"}],"author":[{"embeddable":true,"href":"https:\/\/www.metzgerei-haemmerli.ch\/fr\/wp-json\/wp\/v2\/users\/1"}],"replies":[{"embeddable":true,"href":"https:\/\/www.metzgerei-haemmerli.ch\/fr\/wp-json\/wp\/v2\/comments?post=5881"}],"version-history":[{"count":7,"href":"https:\/\/www.metzgerei-haemmerli.ch\/fr\/wp-json\/wp\/v2\/posts\/5881\/revisions"}],"predecessor-version":[{"id":5888,"href":"https:\/\/www.metzgerei-haemmerli.ch\/fr\/wp-json\/wp\/v2\/posts\/5881\/revisions\/5888"}],"wp:featuredmedia":[{"embeddable":true,"href":"https:\/\/www.metzgerei-haemmerli.ch\/fr\/wp-json\/wp\/v2\/media\/4512"}],"wp:attachment":[{"href":"https:\/\/www.metzgerei-haemmerli.ch\/fr\/wp-json\/wp\/v2\/media?parent=5881"}],"wp:term":[{"taxonomy":"category","embeddable":true,"href":"https:\/\/www.metzgerei-haemmerli.ch\/fr\/wp-json\/wp\/v2\/categories?post=5881"},{"taxonomy":"post_tag","embeddable":true,"href":"https:\/\/www.metzgerei-haemmerli.ch\/fr\/wp-json\/wp\/v2\/tags?post=5881"}],"curies":[{"name":"wp","href":"https:\/\/api.w.org\/{rel}","templated":true}]}}