{"id":5729,"date":"2022-10-13T14:42:01","date_gmt":"2022-10-13T12:42:01","guid":{"rendered":"https:\/\/www.metzgerei-haemmerli.ch\/non-classifiee\/kalbs-hohrueckensteak-mit-hollandaise-und-rueebli\/"},"modified":"2025-11-20T12:16:06","modified_gmt":"2025-11-20T11:16:06","slug":"steak-de-cote-couverte-de-veau-a-la-sauce-hollandaise-et-aux-carottes","status":"publish","type":"post","link":"https:\/\/www.metzgerei-haemmerli.ch\/fr\/recettes\/veau\/steak-de-cote-couverte-de-veau-a-la-sauce-hollandaise-et-aux-carottes\/","title":{"rendered":"Steak de c\u00f4te couverte de veau \u00e0 la sauce hollandaise et aux carottes"},"content":{"rendered":"\t\t<div data-elementor-type=\"wp-post\" data-elementor-id=\"5729\" class=\"elementor elementor-5729 elementor-4845\">\n\t\t\t\t\t\t<section class=\"elementor-section elementor-top-section elementor-element elementor-element-1d28989b elementor-section-boxed elementor-section-height-default elementor-section-height-default\" data-id=\"1d28989b\" data-element_type=\"section\" data-e-type=\"section\">\n\t\t\t\t\t\t<div class=\"elementor-container elementor-column-gap-default\">\n\t\t\t\t\t<div class=\"elementor-column elementor-col-100 elementor-top-column elementor-element elementor-element-74ea9de\" data-id=\"74ea9de\" data-element_type=\"column\" data-e-type=\"column\">\n\t\t\t<div class=\"elementor-widget-wrap elementor-element-populated\">\n\t\t\t\t\t\t<div class=\"elementor-element elementor-element-01d73ab elementor-hidden-desktop elementor-hidden-tablet elementor-widget elementor-widget-image\" data-id=\"01d73ab\" data-element_type=\"widget\" data-e-type=\"widget\" data-widget_type=\"image.default\">\n\t\t\t\t<div class=\"elementor-widget-container\">\n\t\t\t\t\t\t\t\t\t\t\t\t\t\t\t<img fetchpriority=\"high\" decoding=\"async\" width=\"500\" height=\"308\" src=\"https:\/\/www.metzgerei-haemmerli.ch\/wp-content\/uploads\/Kalbshohrueckensteak.jpg\" class=\"attachment-full size-full wp-image-4847\" alt=\"Kalbshohrueckensteak\" srcset=\"https:\/\/www.metzgerei-haemmerli.ch\/wp-content\/uploads\/Kalbshohrueckensteak.jpg 500w, https:\/\/www.metzgerei-haemmerli.ch\/wp-content\/uploads\/Kalbshohrueckensteak-300x185.jpg 300w\" sizes=\"(max-width: 500px) 100vw, 500px\" \/>\t\t\t\t\t\t\t\t\t\t\t\t\t\t\t<\/div>\n\t\t\t\t<\/div>\n\t\t\t\t<section class=\"elementor-section elementor-inner-section elementor-element elementor-element-ebea3ad elementor-section-boxed elementor-section-height-default elementor-section-height-default\" data-id=\"ebea3ad\" data-element_type=\"section\" data-e-type=\"section\">\n\t\t\t\t\t\t<div class=\"elementor-container elementor-column-gap-no\">\n\t\t\t\t\t<div class=\"elementor-column elementor-col-50 elementor-inner-column elementor-element elementor-element-ab15e5f\" data-id=\"ab15e5f\" data-element_type=\"column\" data-e-type=\"column\">\n\t\t\t<div class=\"elementor-widget-wrap elementor-element-populated\">\n\t\t\t\t\t\t<div class=\"elementor-element elementor-element-128ccdbb elementor-widget elementor-widget-text-editor\" data-id=\"128ccdbb\" data-element_type=\"widget\" data-e-type=\"widget\" data-widget_type=\"text-editor.default\">\n\t\t\t\t<div class=\"elementor-widget-container\">\n\t\t\t\t\t\t\t\t\tIngr\u00e9dients:\t\t\t\t\t\t\t\t<\/div>\n\t\t\t\t<\/div>\n\t\t\t\t<div class=\"elementor-element elementor-element-429b882 elementor-widget elementor-widget-text-editor\" data-id=\"429b882\" data-element_type=\"widget\" data-e-type=\"widget\" data-widget_type=\"text-editor.default\">\n\t\t\t\t<div class=\"elementor-widget-container\">\n\t\t\t\t\t\t\t\t\t<ul class=\"rezette\"><li>4 Steaks de c\u00f4te couverte de veau suisse d\u2019env. 180 g chacun<\/li><li>600 g Carottes<\/li><li>30 g Noisettes hach\u00e9es grossi\u00e8rement<\/li><li>1 pinc\u00e9e Sucre<\/li><li>250 g Beurre<\/li><li>3 Jaunes d\u2019oeufs<\/li><li>Le jus d\u2019un demi-citron<\/li><li>Poivre du moulin<\/li><li>1 bouquet Estragon Huile de tournesol HO* pour badigeonner<\/li><\/ul><p>* Cette huile stable \u00e0 la chaleur est id\u00e9ale pour les cuissons \u00e0 feu vif.<\/p>\t\t\t\t\t\t\t\t<\/div>\n\t\t\t\t<\/div>\n\t\t\t\t\t<\/div>\n\t\t<\/div>\n\t\t\t\t<div class=\"elementor-column elementor-col-50 elementor-inner-column elementor-element elementor-element-bab3917\" data-id=\"bab3917\" data-element_type=\"column\" data-e-type=\"column\">\n\t\t\t<div class=\"elementor-widget-wrap elementor-element-populated\">\n\t\t\t\t\t\t<div class=\"elementor-element elementor-element-699237f elementor-hidden-mobile elementor-widget elementor-widget-image\" data-id=\"699237f\" data-element_type=\"widget\" data-e-type=\"widget\" data-widget_type=\"image.default\">\n\t\t\t\t<div class=\"elementor-widget-container\">\n\t\t\t\t\t\t\t\t\t\t\t\t\t\t\t<img fetchpriority=\"high\" decoding=\"async\" width=\"500\" height=\"308\" src=\"https:\/\/www.metzgerei-haemmerli.ch\/wp-content\/uploads\/Kalbshohrueckensteak.jpg\" class=\"attachment-full size-full wp-image-4847\" alt=\"Kalbshohrueckensteak\" srcset=\"https:\/\/www.metzgerei-haemmerli.ch\/wp-content\/uploads\/Kalbshohrueckensteak.jpg 500w, https:\/\/www.metzgerei-haemmerli.ch\/wp-content\/uploads\/Kalbshohrueckensteak-300x185.jpg 300w\" sizes=\"(max-width: 500px) 100vw, 500px\" \/>\t\t\t\t\t\t\t\t\t\t\t\t\t\t\t<\/div>\n\t\t\t\t<\/div>\n\t\t\t\t\t<\/div>\n\t\t<\/div>\n\t\t\t\t\t<\/div>\n\t\t<\/section>\n\t\t\t\t<div class=\"elementor-element elementor-element-3623252 elementor-widget elementor-widget-spacer\" data-id=\"3623252\" data-element_type=\"widget\" data-e-type=\"widget\" data-widget_type=\"spacer.default\">\n\t\t\t\t<div class=\"elementor-widget-container\">\n\t\t\t\t\t\t\t<div class=\"elementor-spacer\">\n\t\t\t<div class=\"elementor-spacer-inner\"><\/div>\n\t\t<\/div>\n\t\t\t\t\t\t<\/div>\n\t\t\t\t<\/div>\n\t\t\t\t<div class=\"elementor-element elementor-element-80e0c39 elementor-widget elementor-widget-text-editor\" data-id=\"80e0c39\" data-element_type=\"widget\" data-e-type=\"widget\" data-widget_type=\"text-editor.default\">\n\t\t\t\t<div class=\"elementor-widget-container\">\n\t\t\t\t\t\t\t\t\tPr\u00e9paration:\t\t\t\t\t\t\t\t<\/div>\n\t\t\t\t<\/div>\n\t\t\t\t<div class=\"elementor-element elementor-element-3e9d74a elementor-widget elementor-widget-text-editor\" data-id=\"3e9d74a\" data-element_type=\"widget\" data-e-type=\"widget\" data-widget_type=\"text-editor.default\">\n\t\t\t\t<div class=\"elementor-widget-container\">\n\t\t\t\t\t\t\t\t\t<ol class=\"rezette\">\n \t<li>Sortir les steaks de veau du r\u00e9frig\u00e9rateur env. 1 heure avant de les pr\u00e9parer.<\/li>\n \t<li>Pendant ce temps, peler les carottes et les couper en fi nes rondelles. Les mettre dans une po\u00eale avec de l\u2019huile d\u2019olive et du sel, couvrir et laisser cuire \u00e0 feu moyen entre 8 et 10 minutes en remuant de temps en temps. Dans une po\u00eale non graiss\u00e9e, faire dorer les noisettes et les ajouter aux carottes. Affi ner avec du sucre selon son go\u00fbt.<\/li>\n \t<li>Dans une petite po\u00eale, faire fondre le beurre \u00e0 feu moyen. Au-dessus d\u2019un bain-marie br\u00fblant, fouetter les jaunes d\u2019oeufs avec 2 cc de jus de citron, une pinc\u00e9e de sel et un peu de poivre jusqu\u2019\u00e0 obtention d\u2019une consistance cr\u00e9meuse. Incorporer le beurre liquide \u00e0 la pr\u00e9paration aux jaunes d\u2019oeufs tout d\u2019abord goutte par goutte, puis progressivement en fi n fi let jusqu\u2019\u00e0 obtention d\u2019une cr\u00e8me \u00e9paisse. Couper fi nement l\u2019estragon et l\u2019incorporer \u00e0 la cr\u00e8me. R\u00e9server la sauce hollandaise \u00e0 l\u2019estragon au chaud.<\/li>\n \t<li>Badigeonner les deux c\u00f4t\u00e9s des steaks de c\u00f4te couverte de veau d\u2019huile de tournesol. Dans une po\u00eale \u00e0 griller bien chaude, faire griller les steaks 3-4 minutes de chaque c\u00f4t\u00e9.<\/li>\n \t<li>Saler et poivrer. Verser un peu de jus de citron selon son go\u00fbt et servir aussit\u00f4t avec la po\u00eal\u00e9e de carottes et la sauce hollandaise \u00e0 l\u2019estragon.<\/li>\n<\/ol>\t\t\t\t\t\t\t\t<\/div>\n\t\t\t\t<\/div>\n\t\t\t\t<div class=\"elementor-element elementor-element-da6ea0d elementor-widget elementor-widget-text-editor\" data-id=\"da6ea0d\" data-element_type=\"widget\" data-e-type=\"widget\" data-widget_type=\"text-editor.default\">\n\t\t\t\t<div class=\"elementor-widget-container\">\n\t\t\t\t\t\t\t\t\tGarnitures:\t\t\t\t\t\t\t\t<\/div>\n\t\t\t\t<\/div>\n\t\t\t\t<div class=\"elementor-element elementor-element-5ec99c0 elementor-widget elementor-widget-text-editor\" data-id=\"5ec99c0\" data-element_type=\"widget\" data-e-type=\"widget\" data-widget_type=\"text-editor.default\">\n\t\t\t\t<div class=\"elementor-widget-container\">\n\t\t\t\t\t\t\t\t\t<p>Accompagner d\u2019une salade de p\u00e2tes.<\/p>\t\t\t\t\t\t\t\t<\/div>\n\t\t\t\t<\/div>\n\t\t\t\t<div class=\"elementor-element elementor-element-372b048 elementor-widget-divider--view-line elementor-widget elementor-widget-divider\" data-id=\"372b048\" data-element_type=\"widget\" data-e-type=\"widget\" data-widget_type=\"divider.default\">\n\t\t\t\t<div class=\"elementor-widget-container\">\n\t\t\t\t\t\t\t<div class=\"elementor-divider\">\n\t\t\t<span class=\"elementor-divider-separator\">\n\t\t\t\t\t\t<\/span>\n\t\t<\/div>\n\t\t\t\t\t\t<\/div>\n\t\t\t\t<\/div>\n\t\t\t\t<div class=\"elementor-element elementor-element-282c3ac elementor-widget elementor-widget-text-editor\" data-id=\"282c3ac\" data-element_type=\"widget\" data-e-type=\"widget\" data-widget_type=\"text-editor.default\">\n\t\t\t\t<div class=\"elementor-widget-container\">\n\t\t\t\t\t\t\t\t\tValeurs nutritives:\t\t\t\t\t\t\t\t<\/div>\n\t\t\t\t<\/div>\n\t\t\t\t<div class=\"elementor-element elementor-element-83e70f3 elementor-widget elementor-widget-text-editor\" data-id=\"83e70f3\" data-element_type=\"widget\" data-e-type=\"widget\" data-widget_type=\"text-editor.default\">\n\t\t\t\t<div class=\"elementor-widget-container\">\n\t\t\t\t\t\t\t\t\t<p>Une portion contient:<\/p><ul class=\"rezette\"><li>980 kcal<\/li><li>42 g Prot\u00e9ines<\/li><li>10 g Glucides<\/li><li>84 g Lipides<br \/>(sans la salade de p\u00e2tes)<\/li><\/ul>\t\t\t\t\t\t\t\t<\/div>\n\t\t\t\t<\/div>\n\t\t\t\t<div class=\"elementor-element elementor-element-be34385 elementor-widget-divider--view-line elementor-widget elementor-widget-divider\" data-id=\"be34385\" data-element_type=\"widget\" data-e-type=\"widget\" data-widget_type=\"divider.default\">\n\t\t\t\t<div class=\"elementor-widget-container\">\n\t\t\t\t\t\t\t<div class=\"elementor-divider\">\n\t\t\t<span class=\"elementor-divider-separator\">\n\t\t\t\t\t\t<\/span>\n\t\t<\/div>\n\t\t\t\t\t\t<\/div>\n\t\t\t\t<\/div>\n\t\t\t\t<div class=\"elementor-element elementor-element-887b5bd elementor-widget elementor-widget-text-editor\" data-id=\"887b5bd\" data-element_type=\"widget\" data-e-type=\"widget\" data-widget_type=\"text-editor.default\">\n\t\t\t\t<div class=\"elementor-widget-container\">\n\t\t\t\t\t\t\t\t\t<p><i>Source:\u00a0<\/i><a href=\"https:\/\/www.schweizerfleisch.ch\" target=\"_blank\" rel=\"noopener\">www.schweizerfleisch.ch<\/a><\/p>\t\t\t\t\t\t\t\t<\/div>\n\t\t\t\t<\/div>\n\t\t\t\t\t<\/div>\n\t\t<\/div>\n\t\t\t\t\t<\/div>\n\t\t<\/section>\n\t\t\t\t<\/div>\n\t\t","protected":false},"excerpt":{"rendered":"<p>Ingr\u00e9dients: 4 Steaks de c\u00f4te couverte de veau suisse d\u2019env. 180 g chacun 600 g Carottes 30 g Noisettes hach\u00e9es grossi\u00e8rement 1 pinc\u00e9e Sucre 250 g Beurre 3 Jaunes d\u2019oeufs Le jus d\u2019un demi-citron Poivre du moulin 1 bouquet Estragon Huile de tournesol HO* pour badigeonner * Cette huile stable \u00e0 la chaleur est id\u00e9ale [&hellip;]<\/p>\n","protected":false},"author":1,"featured_media":4847,"comment_status":"closed","ping_status":"closed","sticky":false,"template":"","format":"standard","meta":{"footnotes":""},"categories":[56,62],"tags":[],"class_list":["post-5729","post","type-post","status-publish","format-standard","has-post-thumbnail","hentry","category-recettes","category-veau"],"yoast_head":"<!-- This site is optimized with the Yoast SEO plugin v27.3 - https:\/\/yoast.com\/product\/yoast-seo-wordpress\/ -->\n<title>Steak de c\u00f4te couverte de veau \u00e0 la sauce hollandaise et aux carottes - Metzgerei H\u00e4mmerli<\/title>\n<meta name=\"robots\" content=\"index, follow, max-snippet:-1, max-image-preview:large, max-video-preview:-1\" \/>\n<link rel=\"canonical\" href=\"https:\/\/www.metzgerei-haemmerli.ch\/fr\/recettes\/veau\/steak-de-cote-couverte-de-veau-a-la-sauce-hollandaise-et-aux-carottes\/\" \/>\n<meta property=\"og:locale\" content=\"fr_FR\" \/>\n<meta property=\"og:type\" content=\"article\" \/>\n<meta property=\"og:title\" content=\"Steak de c\u00f4te couverte de veau \u00e0 la sauce hollandaise et aux carottes - Metzgerei H\u00e4mmerli\" \/>\n<meta property=\"og:description\" content=\"Ingr\u00e9dients: 4 Steaks de c\u00f4te couverte de veau suisse d\u2019env. 180 g chacun 600 g Carottes 30 g Noisettes hach\u00e9es grossi\u00e8rement 1 pinc\u00e9e Sucre 250 g Beurre 3 Jaunes d\u2019oeufs Le jus d\u2019un demi-citron Poivre du moulin 1 bouquet Estragon Huile de tournesol HO* pour badigeonner * Cette huile stable \u00e0 la chaleur est id\u00e9ale [&hellip;]\" \/>\n<meta property=\"og:url\" content=\"https:\/\/www.metzgerei-haemmerli.ch\/fr\/recettes\/veau\/steak-de-cote-couverte-de-veau-a-la-sauce-hollandaise-et-aux-carottes\/\" \/>\n<meta property=\"og:site_name\" content=\"Metzgerei H\u00e4mmerli\" \/>\n<meta property=\"article:publisher\" content=\"https:\/\/www.facebook.com\/metzgerei.haemmerli\" \/>\n<meta property=\"article:published_time\" content=\"2022-10-13T12:42:01+00:00\" \/>\n<meta property=\"article:modified_time\" content=\"2025-11-20T11:16:06+00:00\" \/>\n<meta property=\"og:image\" content=\"https:\/\/www.metzgerei-haemmerli.ch\/wp-content\/uploads\/Kalbshohrueckensteak.jpg\" \/>\n\t<meta property=\"og:image:width\" content=\"500\" \/>\n\t<meta property=\"og:image:height\" content=\"308\" \/>\n\t<meta property=\"og:image:type\" content=\"image\/jpeg\" \/>\n<meta name=\"author\" content=\"Webmaster\" \/>\n<meta name=\"twitter:card\" content=\"summary_large_image\" \/>\n<meta name=\"twitter:label1\" content=\"\u00c9crit par\" \/>\n\t<meta name=\"twitter:data1\" content=\"Webmaster\" \/>\n\t<meta name=\"twitter:label2\" content=\"Dur\u00e9e de lecture estim\u00e9e\" \/>\n\t<meta name=\"twitter:data2\" content=\"2 minutes\" \/>\n<script type=\"application\/ld+json\" class=\"yoast-schema-graph\">{\"@context\":\"https:\\\/\\\/schema.org\",\"@graph\":[{\"@type\":\"Article\",\"@id\":\"https:\\\/\\\/www.metzgerei-haemmerli.ch\\\/fr\\\/recettes\\\/veau\\\/steak-de-cote-couverte-de-veau-a-la-sauce-hollandaise-et-aux-carottes\\\/#article\",\"isPartOf\":{\"@id\":\"https:\\\/\\\/www.metzgerei-haemmerli.ch\\\/fr\\\/recettes\\\/veau\\\/steak-de-cote-couverte-de-veau-a-la-sauce-hollandaise-et-aux-carottes\\\/\"},\"author\":{\"name\":\"Webmaster\",\"@id\":\"https:\\\/\\\/www.metzgerei-haemmerli.ch\\\/fr\\\/#\\\/schema\\\/person\\\/a76cea7eda593021f1638f01253641d4\"},\"headline\":\"Steak de c\u00f4te couverte de veau \u00e0 la sauce hollandaise et aux carottes\",\"datePublished\":\"2022-10-13T12:42:01+00:00\",\"dateModified\":\"2025-11-20T11:16:06+00:00\",\"mainEntityOfPage\":{\"@id\":\"https:\\\/\\\/www.metzgerei-haemmerli.ch\\\/fr\\\/recettes\\\/veau\\\/steak-de-cote-couverte-de-veau-a-la-sauce-hollandaise-et-aux-carottes\\\/\"},\"wordCount\":351,\"publisher\":{\"@id\":\"https:\\\/\\\/www.metzgerei-haemmerli.ch\\\/fr\\\/#organization\"},\"image\":{\"@id\":\"https:\\\/\\\/www.metzgerei-haemmerli.ch\\\/fr\\\/recettes\\\/veau\\\/steak-de-cote-couverte-de-veau-a-la-sauce-hollandaise-et-aux-carottes\\\/#primaryimage\"},\"thumbnailUrl\":\"https:\\\/\\\/www.metzgerei-haemmerli.ch\\\/wp-content\\\/uploads\\\/Kalbshohrueckensteak.jpg\",\"articleSection\":[\"Recettes\",\"Veau\"],\"inLanguage\":\"fr-FR\"},{\"@type\":\"WebPage\",\"@id\":\"https:\\\/\\\/www.metzgerei-haemmerli.ch\\\/fr\\\/recettes\\\/veau\\\/steak-de-cote-couverte-de-veau-a-la-sauce-hollandaise-et-aux-carottes\\\/\",\"url\":\"https:\\\/\\\/www.metzgerei-haemmerli.ch\\\/fr\\\/recettes\\\/veau\\\/steak-de-cote-couverte-de-veau-a-la-sauce-hollandaise-et-aux-carottes\\\/\",\"name\":\"Steak de c\u00f4te couverte de veau \u00e0 la sauce hollandaise et aux carottes - Metzgerei H\u00e4mmerli\",\"isPartOf\":{\"@id\":\"https:\\\/\\\/www.metzgerei-haemmerli.ch\\\/fr\\\/#website\"},\"primaryImageOfPage\":{\"@id\":\"https:\\\/\\\/www.metzgerei-haemmerli.ch\\\/fr\\\/recettes\\\/veau\\\/steak-de-cote-couverte-de-veau-a-la-sauce-hollandaise-et-aux-carottes\\\/#primaryimage\"},\"image\":{\"@id\":\"https:\\\/\\\/www.metzgerei-haemmerli.ch\\\/fr\\\/recettes\\\/veau\\\/steak-de-cote-couverte-de-veau-a-la-sauce-hollandaise-et-aux-carottes\\\/#primaryimage\"},\"thumbnailUrl\":\"https:\\\/\\\/www.metzgerei-haemmerli.ch\\\/wp-content\\\/uploads\\\/Kalbshohrueckensteak.jpg\",\"datePublished\":\"2022-10-13T12:42:01+00:00\",\"dateModified\":\"2025-11-20T11:16:06+00:00\",\"breadcrumb\":{\"@id\":\"https:\\\/\\\/www.metzgerei-haemmerli.ch\\\/fr\\\/recettes\\\/veau\\\/steak-de-cote-couverte-de-veau-a-la-sauce-hollandaise-et-aux-carottes\\\/#breadcrumb\"},\"inLanguage\":\"fr-FR\",\"potentialAction\":[{\"@type\":\"ReadAction\",\"target\":[\"https:\\\/\\\/www.metzgerei-haemmerli.ch\\\/fr\\\/recettes\\\/veau\\\/steak-de-cote-couverte-de-veau-a-la-sauce-hollandaise-et-aux-carottes\\\/\"]}]},{\"@type\":\"ImageObject\",\"inLanguage\":\"fr-FR\",\"@id\":\"https:\\\/\\\/www.metzgerei-haemmerli.ch\\\/fr\\\/recettes\\\/veau\\\/steak-de-cote-couverte-de-veau-a-la-sauce-hollandaise-et-aux-carottes\\\/#primaryimage\",\"url\":\"https:\\\/\\\/www.metzgerei-haemmerli.ch\\\/wp-content\\\/uploads\\\/Kalbshohrueckensteak.jpg\",\"contentUrl\":\"https:\\\/\\\/www.metzgerei-haemmerli.ch\\\/wp-content\\\/uploads\\\/Kalbshohrueckensteak.jpg\",\"width\":500,\"height\":308,\"caption\":\"Kalbshohrueckensteak\"},{\"@type\":\"BreadcrumbList\",\"@id\":\"https:\\\/\\\/www.metzgerei-haemmerli.ch\\\/fr\\\/recettes\\\/veau\\\/steak-de-cote-couverte-de-veau-a-la-sauce-hollandaise-et-aux-carottes\\\/#breadcrumb\",\"itemListElement\":[{\"@type\":\"ListItem\",\"position\":1,\"name\":\"Home\",\"item\":\"https:\\\/\\\/www.metzgerei-haemmerli.ch\\\/fr\\\/\"},{\"@type\":\"ListItem\",\"position\":2,\"name\":\"Steak de c\u00f4te couverte de veau \u00e0 la sauce hollandaise et aux carottes\"}]},{\"@type\":\"WebSite\",\"@id\":\"https:\\\/\\\/www.metzgerei-haemmerli.ch\\\/fr\\\/#website\",\"url\":\"https:\\\/\\\/www.metzgerei-haemmerli.ch\\\/fr\\\/\",\"name\":\"Metzgerei H\u00e4mmerli\",\"description\":\"Ihr Fachmann f\u00fcr guten Geschmack\",\"publisher\":{\"@id\":\"https:\\\/\\\/www.metzgerei-haemmerli.ch\\\/fr\\\/#organization\"},\"potentialAction\":[{\"@type\":\"SearchAction\",\"target\":{\"@type\":\"EntryPoint\",\"urlTemplate\":\"https:\\\/\\\/www.metzgerei-haemmerli.ch\\\/fr\\\/?s={search_term_string}\"},\"query-input\":{\"@type\":\"PropertyValueSpecification\",\"valueRequired\":true,\"valueName\":\"search_term_string\"}}],\"inLanguage\":\"fr-FR\"},{\"@type\":\"Organization\",\"@id\":\"https:\\\/\\\/www.metzgerei-haemmerli.ch\\\/fr\\\/#organization\",\"name\":\"Metzgerei H\u00e4mmerli\",\"url\":\"https:\\\/\\\/www.metzgerei-haemmerli.ch\\\/fr\\\/\",\"logo\":{\"@type\":\"ImageObject\",\"inLanguage\":\"fr-FR\",\"@id\":\"https:\\\/\\\/www.metzgerei-haemmerli.ch\\\/fr\\\/#\\\/schema\\\/logo\\\/image\\\/\",\"url\":\"https:\\\/\\\/www.metzgerei-haemmerli.ch\\\/wp-content\\\/uploads\\\/hammerli_logo_rosso_h200.png\",\"contentUrl\":\"https:\\\/\\\/www.metzgerei-haemmerli.ch\\\/wp-content\\\/uploads\\\/hammerli_logo_rosso_h200.png\",\"width\":919,\"height\":200,\"caption\":\"Metzgerei H\u00e4mmerli\"},\"image\":{\"@id\":\"https:\\\/\\\/www.metzgerei-haemmerli.ch\\\/fr\\\/#\\\/schema\\\/logo\\\/image\\\/\"},\"sameAs\":[\"https:\\\/\\\/www.facebook.com\\\/metzgerei.haemmerli\"]},{\"@type\":\"Person\",\"@id\":\"https:\\\/\\\/www.metzgerei-haemmerli.ch\\\/fr\\\/#\\\/schema\\\/person\\\/a76cea7eda593021f1638f01253641d4\",\"name\":\"Webmaster\",\"image\":{\"@type\":\"ImageObject\",\"inLanguage\":\"fr-FR\",\"@id\":\"https:\\\/\\\/secure.gravatar.com\\\/avatar\\\/649ec591a16dfc07124dcef7052a233ea9e65a9ac4dc337e6c49d42d5887463b?s=96&d=mm&r=g\",\"url\":\"https:\\\/\\\/secure.gravatar.com\\\/avatar\\\/649ec591a16dfc07124dcef7052a233ea9e65a9ac4dc337e6c49d42d5887463b?s=96&d=mm&r=g\",\"contentUrl\":\"https:\\\/\\\/secure.gravatar.com\\\/avatar\\\/649ec591a16dfc07124dcef7052a233ea9e65a9ac4dc337e6c49d42d5887463b?s=96&d=mm&r=g\",\"caption\":\"Webmaster\"},\"sameAs\":[\"https:\\\/\\\/www.metzgerei-haemmerli.ch\"]}]}<\/script>\n<!-- \/ Yoast SEO plugin. -->","yoast_head_json":{"title":"Steak de c\u00f4te couverte de veau \u00e0 la sauce hollandaise et aux carottes - Metzgerei H\u00e4mmerli","robots":{"index":"index","follow":"follow","max-snippet":"max-snippet:-1","max-image-preview":"max-image-preview:large","max-video-preview":"max-video-preview:-1"},"canonical":"https:\/\/www.metzgerei-haemmerli.ch\/fr\/recettes\/veau\/steak-de-cote-couverte-de-veau-a-la-sauce-hollandaise-et-aux-carottes\/","og_locale":"fr_FR","og_type":"article","og_title":"Steak de c\u00f4te couverte de veau \u00e0 la sauce hollandaise et aux carottes - Metzgerei H\u00e4mmerli","og_description":"Ingr\u00e9dients: 4 Steaks de c\u00f4te couverte de veau suisse d\u2019env. 180 g chacun 600 g Carottes 30 g Noisettes hach\u00e9es grossi\u00e8rement 1 pinc\u00e9e Sucre 250 g Beurre 3 Jaunes d\u2019oeufs Le jus d\u2019un demi-citron Poivre du moulin 1 bouquet Estragon Huile de tournesol HO* pour badigeonner * Cette huile stable \u00e0 la chaleur est id\u00e9ale [&hellip;]","og_url":"https:\/\/www.metzgerei-haemmerli.ch\/fr\/recettes\/veau\/steak-de-cote-couverte-de-veau-a-la-sauce-hollandaise-et-aux-carottes\/","og_site_name":"Metzgerei H\u00e4mmerli","article_publisher":"https:\/\/www.facebook.com\/metzgerei.haemmerli","article_published_time":"2022-10-13T12:42:01+00:00","article_modified_time":"2025-11-20T11:16:06+00:00","og_image":[{"width":500,"height":308,"url":"https:\/\/www.metzgerei-haemmerli.ch\/wp-content\/uploads\/Kalbshohrueckensteak.jpg","type":"image\/jpeg"}],"author":"Webmaster","twitter_card":"summary_large_image","twitter_misc":{"\u00c9crit par":"Webmaster","Dur\u00e9e de lecture estim\u00e9e":"2 minutes"},"schema":{"@context":"https:\/\/schema.org","@graph":[{"@type":"Article","@id":"https:\/\/www.metzgerei-haemmerli.ch\/fr\/recettes\/veau\/steak-de-cote-couverte-de-veau-a-la-sauce-hollandaise-et-aux-carottes\/#article","isPartOf":{"@id":"https:\/\/www.metzgerei-haemmerli.ch\/fr\/recettes\/veau\/steak-de-cote-couverte-de-veau-a-la-sauce-hollandaise-et-aux-carottes\/"},"author":{"name":"Webmaster","@id":"https:\/\/www.metzgerei-haemmerli.ch\/fr\/#\/schema\/person\/a76cea7eda593021f1638f01253641d4"},"headline":"Steak de c\u00f4te couverte de veau \u00e0 la sauce hollandaise et aux carottes","datePublished":"2022-10-13T12:42:01+00:00","dateModified":"2025-11-20T11:16:06+00:00","mainEntityOfPage":{"@id":"https:\/\/www.metzgerei-haemmerli.ch\/fr\/recettes\/veau\/steak-de-cote-couverte-de-veau-a-la-sauce-hollandaise-et-aux-carottes\/"},"wordCount":351,"publisher":{"@id":"https:\/\/www.metzgerei-haemmerli.ch\/fr\/#organization"},"image":{"@id":"https:\/\/www.metzgerei-haemmerli.ch\/fr\/recettes\/veau\/steak-de-cote-couverte-de-veau-a-la-sauce-hollandaise-et-aux-carottes\/#primaryimage"},"thumbnailUrl":"https:\/\/www.metzgerei-haemmerli.ch\/wp-content\/uploads\/Kalbshohrueckensteak.jpg","articleSection":["Recettes","Veau"],"inLanguage":"fr-FR"},{"@type":"WebPage","@id":"https:\/\/www.metzgerei-haemmerli.ch\/fr\/recettes\/veau\/steak-de-cote-couverte-de-veau-a-la-sauce-hollandaise-et-aux-carottes\/","url":"https:\/\/www.metzgerei-haemmerli.ch\/fr\/recettes\/veau\/steak-de-cote-couverte-de-veau-a-la-sauce-hollandaise-et-aux-carottes\/","name":"Steak de c\u00f4te couverte de veau \u00e0 la sauce hollandaise et aux carottes - Metzgerei H\u00e4mmerli","isPartOf":{"@id":"https:\/\/www.metzgerei-haemmerli.ch\/fr\/#website"},"primaryImageOfPage":{"@id":"https:\/\/www.metzgerei-haemmerli.ch\/fr\/recettes\/veau\/steak-de-cote-couverte-de-veau-a-la-sauce-hollandaise-et-aux-carottes\/#primaryimage"},"image":{"@id":"https:\/\/www.metzgerei-haemmerli.ch\/fr\/recettes\/veau\/steak-de-cote-couverte-de-veau-a-la-sauce-hollandaise-et-aux-carottes\/#primaryimage"},"thumbnailUrl":"https:\/\/www.metzgerei-haemmerli.ch\/wp-content\/uploads\/Kalbshohrueckensteak.jpg","datePublished":"2022-10-13T12:42:01+00:00","dateModified":"2025-11-20T11:16:06+00:00","breadcrumb":{"@id":"https:\/\/www.metzgerei-haemmerli.ch\/fr\/recettes\/veau\/steak-de-cote-couverte-de-veau-a-la-sauce-hollandaise-et-aux-carottes\/#breadcrumb"},"inLanguage":"fr-FR","potentialAction":[{"@type":"ReadAction","target":["https:\/\/www.metzgerei-haemmerli.ch\/fr\/recettes\/veau\/steak-de-cote-couverte-de-veau-a-la-sauce-hollandaise-et-aux-carottes\/"]}]},{"@type":"ImageObject","inLanguage":"fr-FR","@id":"https:\/\/www.metzgerei-haemmerli.ch\/fr\/recettes\/veau\/steak-de-cote-couverte-de-veau-a-la-sauce-hollandaise-et-aux-carottes\/#primaryimage","url":"https:\/\/www.metzgerei-haemmerli.ch\/wp-content\/uploads\/Kalbshohrueckensteak.jpg","contentUrl":"https:\/\/www.metzgerei-haemmerli.ch\/wp-content\/uploads\/Kalbshohrueckensteak.jpg","width":500,"height":308,"caption":"Kalbshohrueckensteak"},{"@type":"BreadcrumbList","@id":"https:\/\/www.metzgerei-haemmerli.ch\/fr\/recettes\/veau\/steak-de-cote-couverte-de-veau-a-la-sauce-hollandaise-et-aux-carottes\/#breadcrumb","itemListElement":[{"@type":"ListItem","position":1,"name":"Home","item":"https:\/\/www.metzgerei-haemmerli.ch\/fr\/"},{"@type":"ListItem","position":2,"name":"Steak de c\u00f4te couverte de veau \u00e0 la sauce hollandaise et aux carottes"}]},{"@type":"WebSite","@id":"https:\/\/www.metzgerei-haemmerli.ch\/fr\/#website","url":"https:\/\/www.metzgerei-haemmerli.ch\/fr\/","name":"Metzgerei H\u00e4mmerli","description":"Ihr Fachmann f\u00fcr guten Geschmack","publisher":{"@id":"https:\/\/www.metzgerei-haemmerli.ch\/fr\/#organization"},"potentialAction":[{"@type":"SearchAction","target":{"@type":"EntryPoint","urlTemplate":"https:\/\/www.metzgerei-haemmerli.ch\/fr\/?s={search_term_string}"},"query-input":{"@type":"PropertyValueSpecification","valueRequired":true,"valueName":"search_term_string"}}],"inLanguage":"fr-FR"},{"@type":"Organization","@id":"https:\/\/www.metzgerei-haemmerli.ch\/fr\/#organization","name":"Metzgerei H\u00e4mmerli","url":"https:\/\/www.metzgerei-haemmerli.ch\/fr\/","logo":{"@type":"ImageObject","inLanguage":"fr-FR","@id":"https:\/\/www.metzgerei-haemmerli.ch\/fr\/#\/schema\/logo\/image\/","url":"https:\/\/www.metzgerei-haemmerli.ch\/wp-content\/uploads\/hammerli_logo_rosso_h200.png","contentUrl":"https:\/\/www.metzgerei-haemmerli.ch\/wp-content\/uploads\/hammerli_logo_rosso_h200.png","width":919,"height":200,"caption":"Metzgerei H\u00e4mmerli"},"image":{"@id":"https:\/\/www.metzgerei-haemmerli.ch\/fr\/#\/schema\/logo\/image\/"},"sameAs":["https:\/\/www.facebook.com\/metzgerei.haemmerli"]},{"@type":"Person","@id":"https:\/\/www.metzgerei-haemmerli.ch\/fr\/#\/schema\/person\/a76cea7eda593021f1638f01253641d4","name":"Webmaster","image":{"@type":"ImageObject","inLanguage":"fr-FR","@id":"https:\/\/secure.gravatar.com\/avatar\/649ec591a16dfc07124dcef7052a233ea9e65a9ac4dc337e6c49d42d5887463b?s=96&d=mm&r=g","url":"https:\/\/secure.gravatar.com\/avatar\/649ec591a16dfc07124dcef7052a233ea9e65a9ac4dc337e6c49d42d5887463b?s=96&d=mm&r=g","contentUrl":"https:\/\/secure.gravatar.com\/avatar\/649ec591a16dfc07124dcef7052a233ea9e65a9ac4dc337e6c49d42d5887463b?s=96&d=mm&r=g","caption":"Webmaster"},"sameAs":["https:\/\/www.metzgerei-haemmerli.ch"]}]}},"_links":{"self":[{"href":"https:\/\/www.metzgerei-haemmerli.ch\/fr\/wp-json\/wp\/v2\/posts\/5729","targetHints":{"allow":["GET"]}}],"collection":[{"href":"https:\/\/www.metzgerei-haemmerli.ch\/fr\/wp-json\/wp\/v2\/posts"}],"about":[{"href":"https:\/\/www.metzgerei-haemmerli.ch\/fr\/wp-json\/wp\/v2\/types\/post"}],"author":[{"embeddable":true,"href":"https:\/\/www.metzgerei-haemmerli.ch\/fr\/wp-json\/wp\/v2\/users\/1"}],"replies":[{"embeddable":true,"href":"https:\/\/www.metzgerei-haemmerli.ch\/fr\/wp-json\/wp\/v2\/comments?post=5729"}],"version-history":[{"count":7,"href":"https:\/\/www.metzgerei-haemmerli.ch\/fr\/wp-json\/wp\/v2\/posts\/5729\/revisions"}],"predecessor-version":[{"id":5736,"href":"https:\/\/www.metzgerei-haemmerli.ch\/fr\/wp-json\/wp\/v2\/posts\/5729\/revisions\/5736"}],"wp:featuredmedia":[{"embeddable":true,"href":"https:\/\/www.metzgerei-haemmerli.ch\/fr\/wp-json\/wp\/v2\/media\/4847"}],"wp:attachment":[{"href":"https:\/\/www.metzgerei-haemmerli.ch\/fr\/wp-json\/wp\/v2\/media?parent=5729"}],"wp:term":[{"taxonomy":"category","embeddable":true,"href":"https:\/\/www.metzgerei-haemmerli.ch\/fr\/wp-json\/wp\/v2\/categories?post=5729"},{"taxonomy":"post_tag","embeddable":true,"href":"https:\/\/www.metzgerei-haemmerli.ch\/fr\/wp-json\/wp\/v2\/tags?post=5729"}],"curies":[{"name":"wp","href":"https:\/\/api.w.org\/{rel}","templated":true}]}}